{"id":15377,"date":"2021-06-17T14:12:40","date_gmt":"2021-06-17T19:12:40","guid":{"rendered":"https:\/\/encuentroinformativo.com.mx\/?p=15377"},"modified":"2021-06-17T14:12:44","modified_gmt":"2021-06-17T19:12:44","slug":"por-lluvias-se-mantiene-alerta-gris-en-veracruz","status":"publish","type":"post","link":"https:\/\/encuentroinformativo.com.mx\/?p=15377","title":{"rendered":"Por lluvias, se mantiene Alerta Gris en Veracruz"},"content":{"rendered":"\n<p><strong>Dar\u00edo Pale<\/strong><\/p>\n\n\n\n<p>Xalapa, Ver.- La titular de la Secretar\u00eda de Proteccion Civil de Veracruz Guadalupe Osorno Maldonado dio a conocer que en el estado contin\u00faan en Alerta Gris debido a las lluvias que se pueden registrar en los siguientes d\u00edas.<\/p>\n\n\n\n<p>Entrevistada en las calles del centro de Xalapa,  se\u00f1al\u00f3 que hay zonas como la Cuenca del Papaloapan y municipios cercanos entre los que mencion\u00f3 a Isla, Azueta y Coatzacoalcos que se mantienen en alerta ante la crecida de r\u00edos por las lluvias de los \u00faltimos d\u00edas.<\/p>\n\n\n\n<p>Inform\u00f3 que existe un fen\u00f3meno en costas veracruzanas que podr\u00eda alcanzar el desarrollo de tormenta tropical en los pr\u00f3ximos d\u00edas, pues una vez que atraviese el Golfo de M\u00e9xico agarrar\u00eda fuerza, \u201cpero ya no va afectar territorio veracruzano\u201d.<\/p>\n\n\n\n<p>No obstante la titular de PC en Veracruz alert\u00f3 que hay un fen\u00f3meno en el oc\u00e9ano pacifico que est\u00e1 cercano al Istmo de Tehuantepec, y que afect\u00f3 a la zona de la Cuenca de Papaloapan.<\/p>\n\n\n\n<p>\u201cTenemos activa la notificaci\u00f3n de incrementos de r\u00edos en la zona del Papaloapan, en la zona pegada a Oaxaca; est\u00e1n interaccionando dos fen\u00f3menos, uno del lado del pacifico y otro del lado del Atlantico&#8221;, se\u00f1al\u00f3.<\/p>\n\n\n\n<p>&#8220;El que nos corresponde ya se va alejando de costas, peg\u00f3 en costas veracruzanas , peg\u00f3 por los Tuxtlas pero afortunadamente todav\u00eda no en el desarrollo completo de un cicl\u00f3n, por as\u00ed decirlo, sin embargo puede alcanzar desarrollo de tormenta tropical\u201d, agreg\u00f3.<\/p>\n\n\n\n<p>Finalmente Osorno Maldonado pidi\u00f3 a las y los veracruzanos seguir en alerta por las lluvias que se avecinan, aunque inform\u00f3 que hasta el momento no hay personas albergadas en los refugios temporales implementado por las direcciones de protecci\u00f3n civil municipales.<\/p>\n","protected":false},"excerpt":{"rendered":"<p>Dar\u00edo Pale Xalapa, Ver.- La titular de la Secretar\u00eda de Proteccion Civil de Veracruz Guadalupe Osorno Maldonado dio a conocer que en el estado contin\u00faan en Alerta Gris debido a las lluvias que se pueden registrar en los siguientes d\u00edas. Entrevistada en las calles del centro de Xalapa, se\u00f1al\u00f3 que hay zonas como la Cuenca [&hellip;]<\/p>\n","protected":false},"author":1,"featured_media":15378,"comment_status":"open","ping_status":"open","sticky":false,"template":"","format":"standard","meta":{"_jetpack_memberships_contains_paid_content":false,"footnotes":""},"categories":[2],"tags":[],"class_list":["post-15377","post","type-post","status-publish","format-standard","has-post-thumbnail","hentry","category-estado"],"jetpack_featured_media_url":"https:\/\/encuentroinformativo.com.mx\/wp-content\/uploads\/2021\/06\/F1A23C81-D16F-4F53-9F70-C1BD0C85498A.jpeg","jetpack_sharing_enabled":true,"jetpack_likes_enabled":true,"amp_enabled":true,"_links":{"self":[{"href":"https:\/\/encuentroinformativo.com.mx\/index.php?rest_route=\/wp\/v2\/posts\/15377","targetHints":{"allow":["GET"]}}],"collection":[{"href":"https:\/\/encuentroinformativo.com.mx\/index.php?rest_route=\/wp\/v2\/posts"}],"about":[{"href":"https:\/\/encuentroinformativo.com.mx\/index.php?rest_route=\/wp\/v2\/types\/post"}],"author":[{"embeddable":true,"href":"https:\/\/encuentroinformativo.com.mx\/index.php?rest_route=\/wp\/v2\/users\/1"}],"replies":[{"embeddable":true,"href":"https:\/\/encuentroinformativo.com.mx\/index.php?rest_route=%2Fwp%2Fv2%2Fcomments&post=15377"}],"version-history":[{"count":1,"href":"https:\/\/encuentroinformativo.com.mx\/index.php?rest_route=\/wp\/v2\/posts\/15377\/revisions"}],"predecessor-version":[{"id":15379,"href":"https:\/\/encuentroinformativo.com.mx\/index.php?rest_route=\/wp\/v2\/posts\/15377\/revisions\/15379"}],"wp:featuredmedia":[{"embeddable":true,"href":"https:\/\/encuentroinformativo.com.mx\/index.php?rest_route=\/wp\/v2\/media\/15378"}],"wp:attachment":[{"href":"https:\/\/encuentroinformativo.com.mx\/index.php?rest_route=%2Fwp%2Fv2%2Fmedia&parent=15377"}],"wp:term":[{"taxonomy":"category","embeddable":true,"href":"https:\/\/encuentroinformativo.com.mx\/index.php?rest_route=%2Fwp%2Fv2%2Fcategories&post=15377"},{"taxonomy":"post_tag","embeddable":true,"href":"https:\/\/encuentroinformativo.com.mx\/index.php?rest_route=%2Fwp%2Fv2%2Ftags&post=15377"}],"curies":[{"name":"wp","href":"https:\/\/api.w.org\/{rel}","templated":true}]}}