{"id":15380,"date":"2021-06-17T14:32:23","date_gmt":"2021-06-17T19:32:23","guid":{"rendered":"https:\/\/encuentroinformativo.com.mx\/?p=15380"},"modified":"2021-06-17T14:32:27","modified_gmt":"2021-06-17T19:32:27","slug":"rechazan-cambio-de-oficinas-de-pemex-en-poza-rica","status":"publish","type":"post","link":"https:\/\/encuentroinformativo.com.mx\/?p=15380","title":{"rendered":"Rechazan cambio de oficinas de Pemex en Poza Rica"},"content":{"rendered":"\n<p><strong>Juan Arcos<\/strong><\/p>\n\n\n\n<p>Xalapa, Ver.- El sector empresarial de la zona norte de Veracruz exigi\u00f3 que las oficinas de Petr\u00f3leos Mexicanos (Pemex) no sean trasladas de Poza Rica al puerto de Veracruz.<\/p>\n\n\n\n<p>Los representantes de c\u00e1maras empresariales consideraron que, en caso de concretarse dicho cambio de sede, habr\u00eda mayores afectaciones econ\u00f3micas en la regi\u00f3n.<\/p>\n\n\n\n<p>En ese sentido, enviaron cartas al presidente de la Rep\u00fablica, Andr\u00e9s Manuel L\u00f3pez Obrador, para que se analice, de manera exhaustiva, la importancia de que dichas oficinas permanezcan en el norte veracruzano, al tratarse de la \u201ccuna\u201d petrolera de la naci\u00f3n.<\/p>\n\n\n\n<p>\u201cManifestamos nuestra absoluta y firme inconformidad debido al profundo impacto social, econ\u00f3mico y de seguridad que dicha medida generar\u00e1 en Poza Rica y la zona norte del Estado de Veracruz\u201d, se lee en el documento.<\/p>\n\n\n\n<p>De acuerdo con el presidente de la C\u00e1mara Nacional de Comercio (Canaco) en Poza Rica, Francisco Javier L\u00f3pez G\u00f3mez, es latente la intenci\u00f3n del gobierno federal para la reubicaci\u00f3n de la Subdirecci\u00f3n Regi\u00f3n Norte de Pemex.<\/p>\n\n\n\n<p>\u201cEl n\u00famero de personas que se mueve no es tanto, tengo entendido que son 50 personas, pero las consecuencias que vienen detr\u00e1s de esto s\u00ed. Es una derrama econ\u00f3mica que en un momento dado s\u00ed se va a quedar fuera de Poza Rica\u201d.<\/p>\n\n\n\n<p>El entrevistado record\u00f3 que quienes acuden a dichas oficinas gastan en hoteles, restaurantes y locales; sin embargo, estos establecimientos registrar\u00e1n una disminuci\u00f3n notoria en sus ganancias.<\/p>\n\n\n\n<p>Cabe mencionar que Poza Rica es una de las zonas petroleras m\u00e1s bastas con la producci\u00f3n de 70 mil barriles diarios, misma que es esencial para el Sistema Nacional de Refinaci\u00f3n.<\/p>\n\n\n\n<p>Se habla tambi\u00e9n de la p\u00e9rdida de por lo menos 900 empleos petroleros en el municipio de Poza Rica, con el posible cambio de las oficinas.<\/p>\n","protected":false},"excerpt":{"rendered":"<p>Juan Arcos Xalapa, Ver.- El sector empresarial de la zona norte de Veracruz exigi\u00f3 que las oficinas de Petr\u00f3leos Mexicanos (Pemex) no sean trasladas de Poza Rica al puerto de Veracruz. Los representantes de c\u00e1maras empresariales consideraron que, en caso de concretarse dicho cambio de sede, habr\u00eda mayores afectaciones econ\u00f3micas en la regi\u00f3n. En ese [&hellip;]<\/p>\n","protected":false},"author":1,"featured_media":15381,"comment_status":"open","ping_status":"open","sticky":false,"template":"","format":"standard","meta":{"_jetpack_memberships_contains_paid_content":false,"footnotes":""},"categories":[2],"tags":[],"class_list":["post-15380","post","type-post","status-publish","format-standard","has-post-thumbnail","hentry","category-estado"],"jetpack_featured_media_url":"https:\/\/encuentroinformativo.com.mx\/wp-content\/uploads\/2021\/06\/4E0FB021-A843-466C-B3FD-4F4249313798.jpeg","jetpack_sharing_enabled":true,"jetpack_likes_enabled":true,"amp_enabled":true,"_links":{"self":[{"href":"https:\/\/encuentroinformativo.com.mx\/index.php?rest_route=\/wp\/v2\/posts\/15380","targetHints":{"allow":["GET"]}}],"collection":[{"href":"https:\/\/encuentroinformativo.com.mx\/index.php?rest_route=\/wp\/v2\/posts"}],"about":[{"href":"https:\/\/encuentroinformativo.com.mx\/index.php?rest_route=\/wp\/v2\/types\/post"}],"author":[{"embeddable":true,"href":"https:\/\/encuentroinformativo.com.mx\/index.php?rest_route=\/wp\/v2\/users\/1"}],"replies":[{"embeddable":true,"href":"https:\/\/encuentroinformativo.com.mx\/index.php?rest_route=%2Fwp%2Fv2%2Fcomments&post=15380"}],"version-history":[{"count":1,"href":"https:\/\/encuentroinformativo.com.mx\/index.php?rest_route=\/wp\/v2\/posts\/15380\/revisions"}],"predecessor-version":[{"id":15382,"href":"https:\/\/encuentroinformativo.com.mx\/index.php?rest_route=\/wp\/v2\/posts\/15380\/revisions\/15382"}],"wp:featuredmedia":[{"embeddable":true,"href":"https:\/\/encuentroinformativo.com.mx\/index.php?rest_route=\/wp\/v2\/media\/15381"}],"wp:attachment":[{"href":"https:\/\/encuentroinformativo.com.mx\/index.php?rest_route=%2Fwp%2Fv2%2Fmedia&parent=15380"}],"wp:term":[{"taxonomy":"category","embeddable":true,"href":"https:\/\/encuentroinformativo.com.mx\/index.php?rest_route=%2Fwp%2Fv2%2Fcategories&post=15380"},{"taxonomy":"post_tag","embeddable":true,"href":"https:\/\/encuentroinformativo.com.mx\/index.php?rest_route=%2Fwp%2Fv2%2Ftags&post=15380"}],"curies":[{"name":"wp","href":"https:\/\/api.w.org\/{rel}","templated":true}]}}