{"id":15389,"date":"2021-06-17T15:02:35","date_gmt":"2021-06-17T20:02:35","guid":{"rendered":"https:\/\/encuentroinformativo.com.mx\/?p=15389"},"modified":"2021-06-17T15:02:39","modified_gmt":"2021-06-17T20:02:39","slug":"en-poza-rica-desaparece-spider-policia-municipal","status":"publish","type":"post","link":"https:\/\/encuentroinformativo.com.mx\/?p=15389","title":{"rendered":"En Poza Rica, desaparece &#8220;Spider&#8221; polic\u00eda municipal"},"content":{"rendered":"\n<p><strong>Alejandro \u00c1vila<\/strong><\/p>\n\n\n\n<p>Poza Rica, Ver.- Familiares de Marcelo Hern\u00e1ndez Reynaldo, reportaron ante la Fiscal\u00eda General del Estado con sede en Tuxpan, la desaparici\u00f3n de esta persona, por lo que solicitan a las autoridades correspondientes inicien la labor de b\u00fasqueda.<\/p>\n\n\n\n<p>Este sujeto de 22 a\u00f1os de edad, trabaja como Polic\u00eda Municipal en la ciudad de Poza Rica, aunque tiene su domicilio en la ciudad de Tuxpan, y fue visto por \u00faltima vez el pasado 15 de junio al salir de sus actividades laborales.<\/p>\n\n\n\n<p>Marcelo, conocido como &#8220;Spider&#8221;, sali\u00f3 de su centro de trabajo en Poza Rica el pasado martes y no lleg\u00f3 a su hogar en Tuxpan; a pesar de que su familia ha intentado comunicarse con \u00e9l v\u00eda telefonica en reiteradas ocasiones, no les ha contestado la llamada.<\/p>\n\n\n\n<p>La familia dio aviso al departamento de Polic\u00eda Municipal donde labora, y estos le informaron que deb\u00edan interponer una denuncia ante la Fiscal\u00eda General del Estado en el \u00e1rea de personas desaparecidas, por lo que ahora se encuentran en los tr\u00e1mites necesarios para que las autoridades competentes realicen las investigaciones y den con su paradero.<\/p>\n\n\n\n<p>&#8220;Spider&#8221; mide 1.75, es de tez morena clara y cuenta con un tatuaje en los pectorales, por lo que se pide cualquier informaci\u00f3n sobre su paradero, sea comunicada al 2283 19 31 87 de la Comisi\u00f3n Estatal de B\u00fasqueda.<\/p>\n","protected":false},"excerpt":{"rendered":"<p>Alejandro \u00c1vila Poza Rica, Ver.- Familiares de Marcelo Hern\u00e1ndez Reynaldo, reportaron ante la Fiscal\u00eda General del Estado con sede en Tuxpan, la desaparici\u00f3n de esta persona, por lo que solicitan a las autoridades correspondientes inicien la labor de b\u00fasqueda. Este sujeto de 22 a\u00f1os de edad, trabaja como Polic\u00eda Municipal en la ciudad de Poza [&hellip;]<\/p>\n","protected":false},"author":1,"featured_media":15390,"comment_status":"open","ping_status":"open","sticky":false,"template":"","format":"standard","meta":{"_jetpack_memberships_contains_paid_content":false,"footnotes":""},"categories":[2],"tags":[],"class_list":["post-15389","post","type-post","status-publish","format-standard","has-post-thumbnail","hentry","category-estado"],"jetpack_featured_media_url":"https:\/\/encuentroinformativo.com.mx\/wp-content\/uploads\/2021\/06\/08551588-FC2C-455C-9661-B282232AAC3D.jpeg","jetpack_sharing_enabled":true,"jetpack_likes_enabled":true,"amp_enabled":true,"_links":{"self":[{"href":"https:\/\/encuentroinformativo.com.mx\/index.php?rest_route=\/wp\/v2\/posts\/15389","targetHints":{"allow":["GET"]}}],"collection":[{"href":"https:\/\/encuentroinformativo.com.mx\/index.php?rest_route=\/wp\/v2\/posts"}],"about":[{"href":"https:\/\/encuentroinformativo.com.mx\/index.php?rest_route=\/wp\/v2\/types\/post"}],"author":[{"embeddable":true,"href":"https:\/\/encuentroinformativo.com.mx\/index.php?rest_route=\/wp\/v2\/users\/1"}],"replies":[{"embeddable":true,"href":"https:\/\/encuentroinformativo.com.mx\/index.php?rest_route=%2Fwp%2Fv2%2Fcomments&post=15389"}],"version-history":[{"count":1,"href":"https:\/\/encuentroinformativo.com.mx\/index.php?rest_route=\/wp\/v2\/posts\/15389\/revisions"}],"predecessor-version":[{"id":15391,"href":"https:\/\/encuentroinformativo.com.mx\/index.php?rest_route=\/wp\/v2\/posts\/15389\/revisions\/15391"}],"wp:featuredmedia":[{"embeddable":true,"href":"https:\/\/encuentroinformativo.com.mx\/index.php?rest_route=\/wp\/v2\/media\/15390"}],"wp:attachment":[{"href":"https:\/\/encuentroinformativo.com.mx\/index.php?rest_route=%2Fwp%2Fv2%2Fmedia&parent=15389"}],"wp:term":[{"taxonomy":"category","embeddable":true,"href":"https:\/\/encuentroinformativo.com.mx\/index.php?rest_route=%2Fwp%2Fv2%2Fcategories&post=15389"},{"taxonomy":"post_tag","embeddable":true,"href":"https:\/\/encuentroinformativo.com.mx\/index.php?rest_route=%2Fwp%2Fv2%2Ftags&post=15389"}],"curies":[{"name":"wp","href":"https:\/\/api.w.org\/{rel}","templated":true}]}}