{"id":15392,"date":"2021-06-17T15:17:46","date_gmt":"2021-06-17T20:17:46","guid":{"rendered":"https:\/\/encuentroinformativo.com.mx\/?p=15392"},"modified":"2021-06-17T15:17:50","modified_gmt":"2021-06-17T20:17:50","slug":"de-inmediato-preparan-entrega-recepcion-en-veracruz-puerto","status":"publish","type":"post","link":"https:\/\/encuentroinformativo.com.mx\/?p=15392","title":{"rendered":"De inmediato, preparan entrega-recepci\u00f3n en Veracruz puerto"},"content":{"rendered":"\n<p><strong>Alejandro \u00c1vila<\/strong><\/p>\n\n\n\n<p>Veracruz, Ver. \u2013 La alcaldesa electa de Veracruz, Patricia Lobeira Rodr\u00edguez, manifest\u00f3 que, a partir de este jueves 17 de junio, iniciar\u00e1 con las reuniones con Asociaciones Civiles, C\u00e1maras Empresariales y diversos sectores o grupos que quieran sumar en su proyecto para continuar el mejoramiento de la ciudad de Veracruz, a partir del 2022.<\/p>\n\n\n\n<p>La panista fue invitada a un primer acercamiento con el actual alcalde, para de estar manera poder programar los trabajos de entrega \u2013 recepci\u00f3n con los equipos que designen ambos funcionarios p\u00fablicos.<\/p>\n\n\n\n<p>\u201cA partir de hoy me voy a reunir voy a estar convocando a todas las asociaciones, a todas las personas que se quieran sumar a este proyecto y vamos a empezar a trabajar juntos desde ahorita, para que el primero de enero estemos trabajando todos juntos en favor de Veracruz.<\/p>\n\n\n\n<p>Por su parte, el alcalde en funciones, Fernando Yunes M\u00e1rquez, mencion\u00f3 que tras haber sido entregada la constancia de mayor\u00eda para la candidata ganadora, se realiz\u00f3 la primera recepci\u00f3n formal a la alcaldesa electa para mostrarle el estado que guarda la administraci\u00f3n y el municipio en general.<\/p>\n\n\n\n<p>Por lo que apunt\u00f3 que a partir de este d\u00eda se inicia de forma previa el proceso de entrega \u2013 recepci\u00f3n, aunque de manera formal la transici\u00f3n comenzar\u00e1 a partir del mes de septiembre.<\/p>\n\n\n\n<p>\u201cMientras tanto estaremos en total disposici\u00f3n y cooperaci\u00f3n para hacerle llegar toda la informaci\u00f3n que requiera la alcaldesa electa, a fin de que pueda generar su programa, su plan de trabajo\u201d, culmin\u00f3.<br>\u00a0<\/p>\n","protected":false},"excerpt":{"rendered":"<p>Alejandro \u00c1vila Veracruz, Ver. \u2013 La alcaldesa electa de Veracruz, Patricia Lobeira Rodr\u00edguez, manifest\u00f3 que, a partir de este jueves 17 de junio, iniciar\u00e1 con las reuniones con Asociaciones Civiles, C\u00e1maras Empresariales y diversos sectores o grupos que quieran sumar en su proyecto para continuar el mejoramiento de la ciudad de Veracruz, a partir del [&hellip;]<\/p>\n","protected":false},"author":1,"featured_media":15393,"comment_status":"open","ping_status":"open","sticky":false,"template":"","format":"standard","meta":{"_jetpack_memberships_contains_paid_content":false,"footnotes":""},"categories":[2],"tags":[],"class_list":["post-15392","post","type-post","status-publish","format-standard","has-post-thumbnail","hentry","category-estado"],"jetpack_featured_media_url":"https:\/\/encuentroinformativo.com.mx\/wp-content\/uploads\/2021\/06\/2C0A15EF-A665-4F34-8B61-977DBB9DB26B.jpeg","jetpack_sharing_enabled":true,"jetpack_likes_enabled":true,"amp_enabled":true,"_links":{"self":[{"href":"https:\/\/encuentroinformativo.com.mx\/index.php?rest_route=\/wp\/v2\/posts\/15392","targetHints":{"allow":["GET"]}}],"collection":[{"href":"https:\/\/encuentroinformativo.com.mx\/index.php?rest_route=\/wp\/v2\/posts"}],"about":[{"href":"https:\/\/encuentroinformativo.com.mx\/index.php?rest_route=\/wp\/v2\/types\/post"}],"author":[{"embeddable":true,"href":"https:\/\/encuentroinformativo.com.mx\/index.php?rest_route=\/wp\/v2\/users\/1"}],"replies":[{"embeddable":true,"href":"https:\/\/encuentroinformativo.com.mx\/index.php?rest_route=%2Fwp%2Fv2%2Fcomments&post=15392"}],"version-history":[{"count":1,"href":"https:\/\/encuentroinformativo.com.mx\/index.php?rest_route=\/wp\/v2\/posts\/15392\/revisions"}],"predecessor-version":[{"id":15394,"href":"https:\/\/encuentroinformativo.com.mx\/index.php?rest_route=\/wp\/v2\/posts\/15392\/revisions\/15394"}],"wp:featuredmedia":[{"embeddable":true,"href":"https:\/\/encuentroinformativo.com.mx\/index.php?rest_route=\/wp\/v2\/media\/15393"}],"wp:attachment":[{"href":"https:\/\/encuentroinformativo.com.mx\/index.php?rest_route=%2Fwp%2Fv2%2Fmedia&parent=15392"}],"wp:term":[{"taxonomy":"category","embeddable":true,"href":"https:\/\/encuentroinformativo.com.mx\/index.php?rest_route=%2Fwp%2Fv2%2Fcategories&post=15392"},{"taxonomy":"post_tag","embeddable":true,"href":"https:\/\/encuentroinformativo.com.mx\/index.php?rest_route=%2Fwp%2Fv2%2Ftags&post=15392"}],"curies":[{"name":"wp","href":"https:\/\/api.w.org\/{rel}","templated":true}]}}