{"id":154,"date":"2020-02-26T18:25:17","date_gmt":"2020-02-27T00:25:17","guid":{"rendered":"https:\/\/encuentroinformativodotcomdotmx.wordpress.com\/?p=154"},"modified":"2020-02-26T18:25:17","modified_gmt":"2020-02-27T00:25:17","slug":"congreso-en-tiempo-para-modificar-leyes-electorales-ople","status":"publish","type":"post","link":"https:\/\/encuentroinformativo.com.mx\/?p=154","title":{"rendered":"Congreso en tiempo para modificar leyes electorales: OPLE"},"content":{"rendered":"<p><img loading=\"lazy\" decoding=\"async\" class=\"size-medium wp-image-155 alignright\" src=\"https:\/\/encuentroinformativo.com.mx\/wp-content\/uploads\/2020\/02\/e5a8b277-0707-48a1-baf7-f2050d6c0160.jpg?w=300\" alt=\"\" width=\"300\" height=\"197\" srcset=\"https:\/\/encuentroinformativo.com.mx\/wp-content\/uploads\/2020\/02\/e5a8b277-0707-48a1-baf7-f2050d6c0160.jpg 1094w, https:\/\/encuentroinformativo.com.mx\/wp-content\/uploads\/2020\/02\/e5a8b277-0707-48a1-baf7-f2050d6c0160-300x197.jpg 300w, https:\/\/encuentroinformativo.com.mx\/wp-content\/uploads\/2020\/02\/e5a8b277-0707-48a1-baf7-f2050d6c0160-1024x674.jpg 1024w, https:\/\/encuentroinformativo.com.mx\/wp-content\/uploads\/2020\/02\/e5a8b277-0707-48a1-baf7-f2050d6c0160-768x505.jpg 768w\" sizes=\"auto, (max-width: 300px) 100vw, 300px\" \/><\/p>\n<p><strong>Dar\u00edo Pale<\/strong><\/p>\n<p>Xalapa, Ver.- El Consejero Presidente del Organismo P\u00fablico Electoral (OPLE), Jos\u00e9 Alejandro Bonilla Bonilla, dio a conocer que para poder realizar modificaciones al C\u00f3digo Electoral se tienen que realizar tres meses antes del inicio del proceso electoral, tanto para los diputados locales como para los ayuntamientos.<\/p>\n<p>Entrevistado en las instalaciones del OPLE se\u00f1al\u00f3 que el Congreso local tiene hasta agosto para poder hacer algunas adecuaciones a la ley electoral, en caso de que se quiera permitir la reelecci\u00f3n de alcaldes o reducir el n\u00famero de regidur\u00edas en las 212 comunas.<\/p>\n<p>\u201cCualquier cuesti\u00f3n que modifique la ley electoral tiene que ser tres meses antes, y si no lo hacen en ese tiempo no podr\u00e1n hacer nada despu\u00e9s del proceso electoral\u201d se\u00f1alo.<\/p>\n<p>En lo que va de la 65 legislatura se han presentado al menos tres propuestas que buscan regular acciones vinculadas con la elecci\u00f3n de alcaldes o diputados.<\/p>\n<p>La primera est\u00e1 vinculada a la regulaci\u00f3n de regidores en los 212 Ayuntamientos, y es que en la actualidad hay sobre representaci\u00f3n, por lo que se tiene que adecuar, al menos en media centena de comunas el n\u00famero de ediles.<\/p>\n<p>Tambi\u00e9n est\u00e1 pendiente la modificaci\u00f3n a la Constituci\u00f3n que busca regular a tres a\u00f1os el periodo de los alcaldes, y con ello permitir su reelecci\u00f3n por un segundo periodo inmediato.<\/p>\n<p>La \u00faltima iniciativa que se present\u00f3 tiene la intenci\u00f3n de evitar las monarqu\u00edas, y limita que familiares de personajes en el poder puedan acceder a candidatura o puestos de representaci\u00f3n popular.<\/p>\n<p>En ese sentido, el consejero electoral, asegur\u00f3 que el tema de la reelecci\u00f3n ha generado mucha pol\u00e9mica, sin embargo, evit\u00f3 pronunciarse al respecto, pues asegur\u00f3 que en el caso del OPLE solo les ocupa aplicar la legislaci\u00f3n vigente.<\/p>\n<p>\u201cNosotros como solamente aplicamos la ley, y estaremos atentos a lo que los legisladores establezcan; tambi\u00e9n est\u00e1 (pendiente) el tema de los alcaldes, reducir a tres a\u00f1os el periodo, para que se puedan reelegir\u201d, coment\u00f3.<\/p>\n<p>Por \u00faltimo en lo que se refiere a sus salarios dio a conocer que est\u00e1n apegados a la ley de austeridad de gobierno del estado, adem\u00e1s de que no son una dependencia del estado, son un \u00f3rgano aut\u00f3nomo, a ellos les aplica la del presidente de la rep\u00fablica por ello no ganan m\u00e1s que el presidente.<\/p>\n","protected":false},"excerpt":{"rendered":"<p>Dar\u00edo Pale Xalapa, Ver.- El Consejero Presidente del Organismo P\u00fablico Electoral (OPLE), Jos\u00e9 Alejandro Bonilla Bonilla, dio a conocer que para poder realizar modificaciones al C\u00f3digo Electoral se tienen que realizar tres meses antes del inicio del proceso electoral, tanto para los diputados locales como para los ayuntamientos. Entrevistado en las instalaciones del OPLE se\u00f1al\u00f3 [&hellip;]<\/p>\n","protected":false},"author":1,"featured_media":155,"comment_status":"open","ping_status":"open","sticky":false,"template":"","format":"standard","meta":{"_jetpack_memberships_contains_paid_content":false,"footnotes":""},"categories":[2],"tags":[],"class_list":["post-154","post","type-post","status-publish","format-standard","has-post-thumbnail","hentry","category-estado"],"jetpack_featured_media_url":"https:\/\/encuentroinformativo.com.mx\/wp-content\/uploads\/2020\/02\/e5a8b277-0707-48a1-baf7-f2050d6c0160.jpg","jetpack_sharing_enabled":true,"jetpack_likes_enabled":true,"amp_enabled":true,"_links":{"self":[{"href":"https:\/\/encuentroinformativo.com.mx\/index.php?rest_route=\/wp\/v2\/posts\/154","targetHints":{"allow":["GET"]}}],"collection":[{"href":"https:\/\/encuentroinformativo.com.mx\/index.php?rest_route=\/wp\/v2\/posts"}],"about":[{"href":"https:\/\/encuentroinformativo.com.mx\/index.php?rest_route=\/wp\/v2\/types\/post"}],"author":[{"embeddable":true,"href":"https:\/\/encuentroinformativo.com.mx\/index.php?rest_route=\/wp\/v2\/users\/1"}],"replies":[{"embeddable":true,"href":"https:\/\/encuentroinformativo.com.mx\/index.php?rest_route=%2Fwp%2Fv2%2Fcomments&post=154"}],"version-history":[{"count":0,"href":"https:\/\/encuentroinformativo.com.mx\/index.php?rest_route=\/wp\/v2\/posts\/154\/revisions"}],"wp:featuredmedia":[{"embeddable":true,"href":"https:\/\/encuentroinformativo.com.mx\/index.php?rest_route=\/wp\/v2\/media\/155"}],"wp:attachment":[{"href":"https:\/\/encuentroinformativo.com.mx\/index.php?rest_route=%2Fwp%2Fv2%2Fmedia&parent=154"}],"wp:term":[{"taxonomy":"category","embeddable":true,"href":"https:\/\/encuentroinformativo.com.mx\/index.php?rest_route=%2Fwp%2Fv2%2Fcategories&post=154"},{"taxonomy":"post_tag","embeddable":true,"href":"https:\/\/encuentroinformativo.com.mx\/index.php?rest_route=%2Fwp%2Fv2%2Ftags&post=154"}],"curies":[{"name":"wp","href":"https:\/\/api.w.org\/{rel}","templated":true}]}}