{"id":15400,"date":"2021-06-17T16:08:47","date_gmt":"2021-06-17T21:08:47","guid":{"rendered":"https:\/\/encuentroinformativo.com.mx\/?p=15400"},"modified":"2021-06-17T16:08:51","modified_gmt":"2021-06-17T21:08:51","slug":"por-renunciar-el-arzobispo-hipolito-reyes","status":"publish","type":"post","link":"https:\/\/encuentroinformativo.com.mx\/?p=15400","title":{"rendered":"Por renunciar el arzobispo Hip\u00f3lito Reyes"},"content":{"rendered":"\n<p><strong>Dar\u00edo Pale <\/strong><\/p>\n\n\n\n<p>Xalapa, Ver.- El arzobispo de Xalapa Hip\u00f3lito Reyes Larios presentara su renuncia a su oficio, para el mes de agosto, esto tras cumplir 75 a\u00f1os de edad ya que as\u00ed lo marca el procedimiento can\u00f3nico.<\/p>\n\n\n\n<p>El vocero de la Arquidi\u00f3cesis, el padre Jos\u00e9 Manuel Suazo Reyes, se\u00f1al\u00f3 que al cumplir los 75 a\u00f1os de edad, el arzobispo de Xalapa, Hip\u00f3lito Reyes Larios, presentar\u00e1 su renuncia al oficio que desempe\u00f1a, ya que de acuerdo al procedimiento can\u00f3nico, en el mes de agosto, cuando el prelado cat\u00f3lico cumpla a\u00f1os, enviar\u00e1 su renuncia al Papa y a partir de ah\u00ed esperar\u00e1 su respuesta.<\/p>\n\n\n\n<p>De manera que cuando el Papa acepte su renuncia deber\u00e1 designar a un sucesor, para lo cual presentar\u00e1 su renuncia el pr\u00f3ximo 13 de agosto y ah\u00ed comenzar\u00e1 el proceso de espera a que el Papa acepte su renuncia y nombre a un nuevo arzobispo.<\/p>\n\n\n\n<p>Dio a conocer que algunos de los casos son diferentes, toda vez que hay ocasiones donde la renuncia se acepta inmediatamente y se nombra al sucesor.<\/p>\n\n\n\n<p>Sin embargo, otras veces el proceso dura hasta 3 o 4 a\u00f1os, es decir, lo que marca la acotaci\u00f3n de la renuncia es el nombramiento can\u00f3nico del nuevo sucesor.<\/p>\n","protected":false},"excerpt":{"rendered":"<p>Dar\u00edo Pale Xalapa, Ver.- El arzobispo de Xalapa Hip\u00f3lito Reyes Larios presentara su renuncia a su oficio, para el mes de agosto, esto tras cumplir 75 a\u00f1os de edad ya que as\u00ed lo marca el procedimiento can\u00f3nico. El vocero de la Arquidi\u00f3cesis, el padre Jos\u00e9 Manuel Suazo Reyes, se\u00f1al\u00f3 que al cumplir los 75 a\u00f1os [&hellip;]<\/p>\n","protected":false},"author":1,"featured_media":15399,"comment_status":"open","ping_status":"open","sticky":false,"template":"","format":"standard","meta":{"_jetpack_memberships_contains_paid_content":false,"footnotes":""},"categories":[3],"tags":[],"class_list":["post-15400","post","type-post","status-publish","format-standard","has-post-thumbnail","hentry","category-xalapa"],"jetpack_featured_media_url":"https:\/\/encuentroinformativo.com.mx\/wp-content\/uploads\/2021\/06\/CFBF490C-F62E-4CBD-9806-A89AD5C02272.jpeg","jetpack_sharing_enabled":true,"jetpack_likes_enabled":true,"amp_enabled":true,"_links":{"self":[{"href":"https:\/\/encuentroinformativo.com.mx\/index.php?rest_route=\/wp\/v2\/posts\/15400","targetHints":{"allow":["GET"]}}],"collection":[{"href":"https:\/\/encuentroinformativo.com.mx\/index.php?rest_route=\/wp\/v2\/posts"}],"about":[{"href":"https:\/\/encuentroinformativo.com.mx\/index.php?rest_route=\/wp\/v2\/types\/post"}],"author":[{"embeddable":true,"href":"https:\/\/encuentroinformativo.com.mx\/index.php?rest_route=\/wp\/v2\/users\/1"}],"replies":[{"embeddable":true,"href":"https:\/\/encuentroinformativo.com.mx\/index.php?rest_route=%2Fwp%2Fv2%2Fcomments&post=15400"}],"version-history":[{"count":1,"href":"https:\/\/encuentroinformativo.com.mx\/index.php?rest_route=\/wp\/v2\/posts\/15400\/revisions"}],"predecessor-version":[{"id":15402,"href":"https:\/\/encuentroinformativo.com.mx\/index.php?rest_route=\/wp\/v2\/posts\/15400\/revisions\/15402"}],"wp:featuredmedia":[{"embeddable":true,"href":"https:\/\/encuentroinformativo.com.mx\/index.php?rest_route=\/wp\/v2\/media\/15399"}],"wp:attachment":[{"href":"https:\/\/encuentroinformativo.com.mx\/index.php?rest_route=%2Fwp%2Fv2%2Fmedia&parent=15400"}],"wp:term":[{"taxonomy":"category","embeddable":true,"href":"https:\/\/encuentroinformativo.com.mx\/index.php?rest_route=%2Fwp%2Fv2%2Fcategories&post=15400"},{"taxonomy":"post_tag","embeddable":true,"href":"https:\/\/encuentroinformativo.com.mx\/index.php?rest_route=%2Fwp%2Fv2%2Ftags&post=15400"}],"curies":[{"name":"wp","href":"https:\/\/api.w.org\/{rel}","templated":true}]}}