{"id":15406,"date":"2021-06-17T18:06:20","date_gmt":"2021-06-17T23:06:20","guid":{"rendered":"https:\/\/encuentroinformativo.com.mx\/?p=15406"},"modified":"2021-06-17T18:06:24","modified_gmt":"2021-06-17T23:06:24","slug":"dos-muertos-y-un-herido-tras-balear-automovil-en-misantla","status":"publish","type":"post","link":"https:\/\/encuentroinformativo.com.mx\/?p=15406","title":{"rendered":"Dos muertos y un herido tras balear autom\u00f3vil en Misantla"},"content":{"rendered":"\n<p><strong>Alejandro \u00c1vila<\/strong><\/p>\n\n\n\n<p>Misantla, Ver.- Dos personas perdieron la vida y una m\u00e1s result\u00f3 herida tras un ataque armado a un veh\u00edculo en la localidad La Primavera del municipio de Misantla.<\/p>\n\n\n\n<p>Aproximadamente a las 11:40 horas de este jueves, se realiz\u00f3 un atentado en contra se un veh\u00edculo Mitsubishi color blanco, al cual le dispararon en repetidas ocasiones dejando saldo de dos muertos y un herido.<\/p>\n\n\n\n<p>Seg\u00fan la indagatoria, los victimarios esperaban a sus presas cerca del Sal\u00f3n Social, donde interceptaron al veh\u00edculo mencionado y abrieron fuego contra el chofer y sus dos tripulantes.<\/p>\n\n\n\n<p>Tras reportar las detonaciones por los vecinos, llegaron al lugar elementos del Escuadr\u00f3n Nacional de Emergencias para brindar ayuda a dos personas heridas que, al ser trasladadas al hospital, solo una logr\u00f3 llegar con vida, mientras que la tercera v\u00edctima murio al instante, en el atentado.<\/p>\n\n\n\n<p>Polic\u00edas Ministeriales, Municipales y Seguridad Publica del Estado acordonaron la zona, para posteriormente ser el personal de la Fiscal\u00eda General del Estado quien levant\u00f3 las diligencias de ley y ordenaron el traslado del cuerpo al Servicio de Medicina Forense &#8220;SEMEFO&#8221;.<\/p>\n\n\n\n<figure class=\"wp-block-image size-large\"><img loading=\"lazy\" decoding=\"async\" width=\"960\" height=\"720\" src=\"https:\/\/encuentroinformativo.com.mx\/wp-content\/uploads\/2021\/06\/21FACD17-1D04-44C3-B7D8-833487CB6C0F.jpeg\" alt=\"\" class=\"wp-image-15408\" srcset=\"https:\/\/encuentroinformativo.com.mx\/wp-content\/uploads\/2021\/06\/21FACD17-1D04-44C3-B7D8-833487CB6C0F.jpeg 960w, https:\/\/encuentroinformativo.com.mx\/wp-content\/uploads\/2021\/06\/21FACD17-1D04-44C3-B7D8-833487CB6C0F-300x225.jpeg 300w, https:\/\/encuentroinformativo.com.mx\/wp-content\/uploads\/2021\/06\/21FACD17-1D04-44C3-B7D8-833487CB6C0F-768x576.jpeg 768w\" sizes=\"auto, (max-width: 960px) 100vw, 960px\" \/><\/figure>\n","protected":false},"excerpt":{"rendered":"<p>Alejandro \u00c1vila Misantla, Ver.- Dos personas perdieron la vida y una m\u00e1s result\u00f3 herida tras un ataque armado a un veh\u00edculo en la localidad La Primavera del municipio de Misantla. Aproximadamente a las 11:40 horas de este jueves, se realiz\u00f3 un atentado en contra se un veh\u00edculo Mitsubishi color blanco, al cual le dispararon en [&hellip;]<\/p>\n","protected":false},"author":1,"featured_media":15407,"comment_status":"open","ping_status":"open","sticky":false,"template":"","format":"standard","meta":{"_jetpack_memberships_contains_paid_content":false,"footnotes":""},"categories":[14],"tags":[],"class_list":["post-15406","post","type-post","status-publish","format-standard","has-post-thumbnail","hentry","category-policiaca"],"jetpack_featured_media_url":"https:\/\/encuentroinformativo.com.mx\/wp-content\/uploads\/2021\/06\/3BB325F7-9394-41B1-B85A-EB5427915855.jpeg","jetpack_sharing_enabled":true,"jetpack_likes_enabled":true,"amp_enabled":true,"_links":{"self":[{"href":"https:\/\/encuentroinformativo.com.mx\/index.php?rest_route=\/wp\/v2\/posts\/15406","targetHints":{"allow":["GET"]}}],"collection":[{"href":"https:\/\/encuentroinformativo.com.mx\/index.php?rest_route=\/wp\/v2\/posts"}],"about":[{"href":"https:\/\/encuentroinformativo.com.mx\/index.php?rest_route=\/wp\/v2\/types\/post"}],"author":[{"embeddable":true,"href":"https:\/\/encuentroinformativo.com.mx\/index.php?rest_route=\/wp\/v2\/users\/1"}],"replies":[{"embeddable":true,"href":"https:\/\/encuentroinformativo.com.mx\/index.php?rest_route=%2Fwp%2Fv2%2Fcomments&post=15406"}],"version-history":[{"count":1,"href":"https:\/\/encuentroinformativo.com.mx\/index.php?rest_route=\/wp\/v2\/posts\/15406\/revisions"}],"predecessor-version":[{"id":15409,"href":"https:\/\/encuentroinformativo.com.mx\/index.php?rest_route=\/wp\/v2\/posts\/15406\/revisions\/15409"}],"wp:featuredmedia":[{"embeddable":true,"href":"https:\/\/encuentroinformativo.com.mx\/index.php?rest_route=\/wp\/v2\/media\/15407"}],"wp:attachment":[{"href":"https:\/\/encuentroinformativo.com.mx\/index.php?rest_route=%2Fwp%2Fv2%2Fmedia&parent=15406"}],"wp:term":[{"taxonomy":"category","embeddable":true,"href":"https:\/\/encuentroinformativo.com.mx\/index.php?rest_route=%2Fwp%2Fv2%2Fcategories&post=15406"},{"taxonomy":"post_tag","embeddable":true,"href":"https:\/\/encuentroinformativo.com.mx\/index.php?rest_route=%2Fwp%2Fv2%2Ftags&post=15406"}],"curies":[{"name":"wp","href":"https:\/\/api.w.org\/{rel}","templated":true}]}}