{"id":15410,"date":"2021-06-17T19:14:02","date_gmt":"2021-06-18T00:14:02","guid":{"rendered":"https:\/\/encuentroinformativo.com.mx\/?p=15410"},"modified":"2021-06-17T19:14:06","modified_gmt":"2021-06-18T00:14:06","slug":"despiden-a-500-trabajadores-del-ayuntamiento-de-alvarado","status":"publish","type":"post","link":"https:\/\/encuentroinformativo.com.mx\/?p=15410","title":{"rendered":"Despiden a 500 trabajadores del Ayuntamiento de Alvarado"},"content":{"rendered":"\n<p><strong>Alejandro \u00c1vila<\/strong><\/p>\n\n\n\n<p>Alvarado, Ver.- Aproximadamente 500 trabajadores del Ayuntamiento de Alvarado fueron dados de baja a partir del pasado martes 15 de junio, bajo el argumento de problemas econ\u00f3micos, se\u00f1alan en redes sociales.<\/p>\n\n\n\n<p>La denuncia hecha en redes sociales por varios afectados, quienes se\u00f1alan no existe un motivo justificable para ser dados de baja, caus\u00f3 molestia en toda la ciudadan\u00eda de Alvarado.<\/p>\n\n\n\n<p>Este jueves, el Ayuntamiento de Alvarado emiti\u00f3 un comunicado donde confirma fueron dados de baja varios elementos que prestaban sus servicios al municipio, y aunque no se especifica el n\u00famero de afectados y las \u00e1reas donde se desempe\u00f1aban, s\u00ed expone que fue por falta de presupuesto.<\/p>\n\n\n\n<p>&#8220;Debido a una reingenier\u00eda administrativa a causa de los bajos presupuestos de las participaciones federales, nos vimos en la imposibilidad de renovar los contratos laborales establecidos por tiempo determinado que concluyeron en fecha 15 de junio del presente a\u00f1o, por lo que en los posteriores d\u00edas se estar\u00e1 analizando la viabilidad y los ajustes para una contrataci\u00f3n laboral, en caso contrario se les informar\u00e1 por los medios de contacto proporcionados por ustedes a este Ayuntamiento, a efecto de analizar su recontrataci\u00f3n o finiquito&#8221;, expone un comunicado firmado por Am\u00e9rica Mart\u00ednez Morales, directora de Recursos Humanos.<\/p>\n\n\n\n<p>En la misma publicaci\u00f3n publicada cuenta oficial del Ayuntamiento, en la red social Facebook, existen varios comentarios donde indican personas haber sido despedidas entre agosto y septiembre del 2020, sin haber recibido su liquidaci\u00f3n a\u00fan, pues acusan a la misma directora de Recursos Humanos de hacerles &#8220;dar vueltas&#8221; y finalmente entregarles su finiquito como marca la ley.<\/p>\n","protected":false},"excerpt":{"rendered":"<p>Alejandro \u00c1vila Alvarado, Ver.- Aproximadamente 500 trabajadores del Ayuntamiento de Alvarado fueron dados de baja a partir del pasado martes 15 de junio, bajo el argumento de problemas econ\u00f3micos, se\u00f1alan en redes sociales. La denuncia hecha en redes sociales por varios afectados, quienes se\u00f1alan no existe un motivo justificable para ser dados de baja, caus\u00f3 [&hellip;]<\/p>\n","protected":false},"author":1,"featured_media":15411,"comment_status":"open","ping_status":"open","sticky":false,"template":"","format":"standard","meta":{"_jetpack_memberships_contains_paid_content":false,"footnotes":""},"categories":[2],"tags":[],"class_list":["post-15410","post","type-post","status-publish","format-standard","has-post-thumbnail","hentry","category-estado"],"jetpack_featured_media_url":"https:\/\/encuentroinformativo.com.mx\/wp-content\/uploads\/2021\/06\/D9B4CCD3-DD9F-490D-A216-E1F9B122AEB8.jpeg","jetpack_sharing_enabled":true,"jetpack_likes_enabled":true,"amp_enabled":true,"_links":{"self":[{"href":"https:\/\/encuentroinformativo.com.mx\/index.php?rest_route=\/wp\/v2\/posts\/15410","targetHints":{"allow":["GET"]}}],"collection":[{"href":"https:\/\/encuentroinformativo.com.mx\/index.php?rest_route=\/wp\/v2\/posts"}],"about":[{"href":"https:\/\/encuentroinformativo.com.mx\/index.php?rest_route=\/wp\/v2\/types\/post"}],"author":[{"embeddable":true,"href":"https:\/\/encuentroinformativo.com.mx\/index.php?rest_route=\/wp\/v2\/users\/1"}],"replies":[{"embeddable":true,"href":"https:\/\/encuentroinformativo.com.mx\/index.php?rest_route=%2Fwp%2Fv2%2Fcomments&post=15410"}],"version-history":[{"count":1,"href":"https:\/\/encuentroinformativo.com.mx\/index.php?rest_route=\/wp\/v2\/posts\/15410\/revisions"}],"predecessor-version":[{"id":15412,"href":"https:\/\/encuentroinformativo.com.mx\/index.php?rest_route=\/wp\/v2\/posts\/15410\/revisions\/15412"}],"wp:featuredmedia":[{"embeddable":true,"href":"https:\/\/encuentroinformativo.com.mx\/index.php?rest_route=\/wp\/v2\/media\/15411"}],"wp:attachment":[{"href":"https:\/\/encuentroinformativo.com.mx\/index.php?rest_route=%2Fwp%2Fv2%2Fmedia&parent=15410"}],"wp:term":[{"taxonomy":"category","embeddable":true,"href":"https:\/\/encuentroinformativo.com.mx\/index.php?rest_route=%2Fwp%2Fv2%2Fcategories&post=15410"},{"taxonomy":"post_tag","embeddable":true,"href":"https:\/\/encuentroinformativo.com.mx\/index.php?rest_route=%2Fwp%2Fv2%2Ftags&post=15410"}],"curies":[{"name":"wp","href":"https:\/\/api.w.org\/{rel}","templated":true}]}}