{"id":15413,"date":"2021-06-17T21:41:30","date_gmt":"2021-06-18T02:41:30","guid":{"rendered":"https:\/\/encuentroinformativo.com.mx\/?p=15413"},"modified":"2021-06-17T21:41:33","modified_gmt":"2021-06-18T02:41:33","slug":"colapsa-alero-en-coatepec-dejo-4-lesionados","status":"publish","type":"post","link":"https:\/\/encuentroinformativo.com.mx\/?p=15413","title":{"rendered":"Colapsa alero en Coatepec, dej\u00f3 4 lesionados"},"content":{"rendered":"\n<p><strong>Juan Arcos<\/strong><\/p>\n\n\n\n<p>Coatepec, Ver.- El colapso del alero de una tortiller\u00eda dej\u00f3 cuatro personas lesionadas, una de ellas con heridas de gravedad, en el Centro Hist\u00f3rico de Coatepec.<\/p>\n\n\n\n<p>Los hechos ocurrieron la tarde de este jueves en la tortiller\u00eda \u201cMora\u201d, ubicada sobre la calle Juan Soto, a una cuadra del parque \u201cMiguel Hidalgo y Costilla\u201d.<\/p>\n\n\n\n<p>Al lugar arribaron param\u00e9dicos de Protecci\u00f3n Civil del ayuntamiento de Coatepec y personal de la Polic\u00eda Municipal, quienes atendieron a los lesionados y controlaron una fuga de gas estacionario, da\u00f1os que ocasion\u00f3 la ca\u00edda del alero.<\/p>\n\n\n\n<p>El hombre con mayores lesiones result\u00f3 con traumatismo craneoencef\u00e1lico, presentaba una fuerte hemorragia y una fractura de f\u00e9mur.<\/p>\n\n\n\n<p>Esta persona fue extra\u00edda de los escombros por parte de los param\u00e9dicos y los elementos policiacos de dicha localidad, ubicada a diez kil\u00f3metros de Xalapa.<\/p>\n\n\n\n<p>Luego de estabilizar al herido de gravedad, acudieron al lugar elementos del cuerpo de bomberos para el retiro de los escombros y el traslado del paciente al Hospital de la Comunidad de Coatepec, ubicado sobre la calle Nicol\u00e1s Bravo.<\/p>\n","protected":false},"excerpt":{"rendered":"<p>Juan Arcos Coatepec, Ver.- El colapso del alero de una tortiller\u00eda dej\u00f3 cuatro personas lesionadas, una de ellas con heridas de gravedad, en el Centro Hist\u00f3rico de Coatepec. Los hechos ocurrieron la tarde de este jueves en la tortiller\u00eda \u201cMora\u201d, ubicada sobre la calle Juan Soto, a una cuadra del parque \u201cMiguel Hidalgo y Costilla\u201d. [&hellip;]<\/p>\n","protected":false},"author":1,"featured_media":15414,"comment_status":"open","ping_status":"open","sticky":false,"template":"","format":"standard","meta":{"_jetpack_memberships_contains_paid_content":false,"footnotes":""},"categories":[8],"tags":[],"class_list":["post-15413","post","type-post","status-publish","format-standard","has-post-thumbnail","hentry","category-region"],"jetpack_featured_media_url":"https:\/\/encuentroinformativo.com.mx\/wp-content\/uploads\/2021\/06\/02FDDA9D-109A-4046-A6D8-B047A8BEE8B0.jpeg","jetpack_sharing_enabled":true,"jetpack_likes_enabled":true,"amp_enabled":true,"_links":{"self":[{"href":"https:\/\/encuentroinformativo.com.mx\/index.php?rest_route=\/wp\/v2\/posts\/15413","targetHints":{"allow":["GET"]}}],"collection":[{"href":"https:\/\/encuentroinformativo.com.mx\/index.php?rest_route=\/wp\/v2\/posts"}],"about":[{"href":"https:\/\/encuentroinformativo.com.mx\/index.php?rest_route=\/wp\/v2\/types\/post"}],"author":[{"embeddable":true,"href":"https:\/\/encuentroinformativo.com.mx\/index.php?rest_route=\/wp\/v2\/users\/1"}],"replies":[{"embeddable":true,"href":"https:\/\/encuentroinformativo.com.mx\/index.php?rest_route=%2Fwp%2Fv2%2Fcomments&post=15413"}],"version-history":[{"count":1,"href":"https:\/\/encuentroinformativo.com.mx\/index.php?rest_route=\/wp\/v2\/posts\/15413\/revisions"}],"predecessor-version":[{"id":15415,"href":"https:\/\/encuentroinformativo.com.mx\/index.php?rest_route=\/wp\/v2\/posts\/15413\/revisions\/15415"}],"wp:featuredmedia":[{"embeddable":true,"href":"https:\/\/encuentroinformativo.com.mx\/index.php?rest_route=\/wp\/v2\/media\/15414"}],"wp:attachment":[{"href":"https:\/\/encuentroinformativo.com.mx\/index.php?rest_route=%2Fwp%2Fv2%2Fmedia&parent=15413"}],"wp:term":[{"taxonomy":"category","embeddable":true,"href":"https:\/\/encuentroinformativo.com.mx\/index.php?rest_route=%2Fwp%2Fv2%2Fcategories&post=15413"},{"taxonomy":"post_tag","embeddable":true,"href":"https:\/\/encuentroinformativo.com.mx\/index.php?rest_route=%2Fwp%2Fv2%2Ftags&post=15413"}],"curies":[{"name":"wp","href":"https:\/\/api.w.org\/{rel}","templated":true}]}}