{"id":15418,"date":"2021-06-18T09:37:43","date_gmt":"2021-06-18T14:37:43","guid":{"rendered":"https:\/\/encuentroinformativo.com.mx\/?p=15418"},"modified":"2021-06-18T09:37:48","modified_gmt":"2021-06-18T14:37:48","slug":"super-lolita-se-suma-a-veracruzanas-en-juegos-olimpicos","status":"publish","type":"post","link":"https:\/\/encuentroinformativo.com.mx\/?p=15418","title":{"rendered":"&#8220;Super Lolita&#8221; se suma a veracruzanas en Juegos Ol\u00edmpicos"},"content":{"rendered":"\n<p><strong>Alejandro \u00c1vila<\/strong><\/p>\n\n\n\n<p>Veracruz, Ver.- La clavadista Dolores Hern\u00e1ndez Monz\u00f3n fue incluida por el equipo nacional mexicano para asistir a los Juegos Ol\u00edmpicos en Tokio, Jap\u00f3n; justa deportiva que se desarrollar\u00e1 del 23 de julio al 8 de agosto.<\/p>\n\n\n\n<p>Dolores Hern\u00e1ndez participar\u00e1 en clavados sincronizados en trampol\u00edn de 3 metros, donde har\u00e1 dupla con Carolina Mendoza.<\/p>\n\n\n\n<p>&#8220;Super Lolita&#8221;, medallista de plata en los Juegos Panamericanos de Lima 2019, asistir\u00e1 a sus segundos Juegos Ol\u00edmpicos, ya que tambi\u00e9n particip\u00f3 en la edici\u00f3n pasada, llevada a cabo en R\u00edo de Janeiro, Brasil, en 2016.<\/p>\n\n\n\n<p>La tlacotalpe\u00f1a, Sof\u00eda Reinoso D\u00edaz Barragan, fue la primera veracruzana clasificada a los Juegos Ol\u00edmpicos de Tokio, donde participar\u00e1 en canotaje, modalidad &#8220;slalom&#8221;.<\/p>\n\n\n\n<p>Sof\u00eda Reinoso, gan\u00f3 doble medalla de bronce en canotaje en los Juegos Panamericanos de Lima 2019; mientras que en 2020 gan\u00f3 medalla de bronce en canotaje slalom, siendo la primer mexicana en ganar una presea en esta modalidad.<\/p>\n\n\n\n<p>Finalmente, Ana Gabriela L\u00f3pez Ferrer, ser\u00e1 la primera veracruzana en participar en Juegos Ol\u00edmpicos en la disciplina de Levantamiento de Pesas; la xalape\u00f1a est\u00e1 rankeada como la quinta posici\u00f3n mundial en la categor\u00eda de los 55 kilogramos, siendo as\u00ed, la mejor del continente americano en su categor\u00eda.<\/p>\n\n\n\n<p>Tambi\u00e9n, este jueves por la noche se confirm\u00f3 la participaci\u00f3n en los pr\u00f3ximos Juegos Ol\u00edmpicos de Tokio, del clavadista veracruzano, Kevin Berl\u00edn Reyes; y en unas horas se confirmar\u00e1 la inclusi\u00f3n del xalape\u00f1o, Crisanto Grajales Valencia en Triatl\u00f3n, quien ser\u00e1 acompa\u00f1ado por otro veracruzano, su entrenador, Eugenio Chimal Dom\u00ednguez.<\/p>\n","protected":false},"excerpt":{"rendered":"<p>Alejandro \u00c1vila Veracruz, Ver.- La clavadista Dolores Hern\u00e1ndez Monz\u00f3n fue incluida por el equipo nacional mexicano para asistir a los Juegos Ol\u00edmpicos en Tokio, Jap\u00f3n; justa deportiva que se desarrollar\u00e1 del 23 de julio al 8 de agosto. Dolores Hern\u00e1ndez participar\u00e1 en clavados sincronizados en trampol\u00edn de 3 metros, donde har\u00e1 dupla con Carolina Mendoza. [&hellip;]<\/p>\n","protected":false},"author":1,"featured_media":15419,"comment_status":"open","ping_status":"open","sticky":false,"template":"","format":"standard","meta":{"_jetpack_memberships_contains_paid_content":false,"footnotes":""},"categories":[2],"tags":[],"class_list":["post-15418","post","type-post","status-publish","format-standard","has-post-thumbnail","hentry","category-estado"],"jetpack_featured_media_url":"https:\/\/encuentroinformativo.com.mx\/wp-content\/uploads\/2021\/06\/FC191244-875F-4A23-9990-9FA1BB4EA7B1.jpeg","jetpack_sharing_enabled":true,"jetpack_likes_enabled":true,"amp_enabled":true,"_links":{"self":[{"href":"https:\/\/encuentroinformativo.com.mx\/index.php?rest_route=\/wp\/v2\/posts\/15418","targetHints":{"allow":["GET"]}}],"collection":[{"href":"https:\/\/encuentroinformativo.com.mx\/index.php?rest_route=\/wp\/v2\/posts"}],"about":[{"href":"https:\/\/encuentroinformativo.com.mx\/index.php?rest_route=\/wp\/v2\/types\/post"}],"author":[{"embeddable":true,"href":"https:\/\/encuentroinformativo.com.mx\/index.php?rest_route=\/wp\/v2\/users\/1"}],"replies":[{"embeddable":true,"href":"https:\/\/encuentroinformativo.com.mx\/index.php?rest_route=%2Fwp%2Fv2%2Fcomments&post=15418"}],"version-history":[{"count":1,"href":"https:\/\/encuentroinformativo.com.mx\/index.php?rest_route=\/wp\/v2\/posts\/15418\/revisions"}],"predecessor-version":[{"id":15420,"href":"https:\/\/encuentroinformativo.com.mx\/index.php?rest_route=\/wp\/v2\/posts\/15418\/revisions\/15420"}],"wp:featuredmedia":[{"embeddable":true,"href":"https:\/\/encuentroinformativo.com.mx\/index.php?rest_route=\/wp\/v2\/media\/15419"}],"wp:attachment":[{"href":"https:\/\/encuentroinformativo.com.mx\/index.php?rest_route=%2Fwp%2Fv2%2Fmedia&parent=15418"}],"wp:term":[{"taxonomy":"category","embeddable":true,"href":"https:\/\/encuentroinformativo.com.mx\/index.php?rest_route=%2Fwp%2Fv2%2Fcategories&post=15418"},{"taxonomy":"post_tag","embeddable":true,"href":"https:\/\/encuentroinformativo.com.mx\/index.php?rest_route=%2Fwp%2Fv2%2Ftags&post=15418"}],"curies":[{"name":"wp","href":"https:\/\/api.w.org\/{rel}","templated":true}]}}