{"id":15424,"date":"2021-06-18T10:00:54","date_gmt":"2021-06-18T15:00:54","guid":{"rendered":"https:\/\/encuentroinformativo.com.mx\/?p=15424"},"modified":"2021-06-18T10:00:58","modified_gmt":"2021-06-18T15:00:58","slug":"invita-julen-rementeria-a-personal-medico-de-umae-14-al-senado","status":"publish","type":"post","link":"https:\/\/encuentroinformativo.com.mx\/?p=15424","title":{"rendered":"Invita Julen Rementer\u00eda a personal m\u00e9dico de UMAE 14 al Senado"},"content":{"rendered":"\n<p><strong>Alejandro \u00c1vila<\/strong><\/p>\n\n\n\n<p>Veracruz, Ver.- El Senador, Julen Rementer\u00eda del Puerto, invit\u00f3 al personal m\u00e9dico de la UMAE 14 del IMSS con sede en el municipio de Veracruz a la C\u00e1mara Alta, para ofrecer una rueda de prensa y hacer m\u00e1s fuerte la exigencia de rehabilitaci\u00f3n del aire acondicionado.<\/p>\n\n\n\n<p>Hace unos d\u00edas, diversas \u00e1reas del nosocomio y familiares de pacientes, se manifestaron en la avenida Cuauht\u00e9moc de Veracruz, para informar que desde hace meses carecen del aire acondicionado, situaci\u00f3n que hace molesta la labor que ejercen; adem\u00e1s, se\u00f1alan afecta a los pacientes, pues incrementa la probabilidad de retardar sus tratamientos por los virus que hay en el ambiente.<\/p>\n\n\n\n<p>A trav\u00e9s de su cuenta de Twitter, el leguslador veracruzano, public\u00f3 el siguiente mensaje.<\/p>\n\n\n\n<p>&#8220;Director @zoerobledo:<\/p>\n\n\n\n<p>A nombre de los veracruzanos le exijo que atienda de manera inmediata la falta de aire acondicionado en la UMAE no.14.<\/p>\n\n\n\n<p>De la misma manera, hago una invitaci\u00f3n abierta al personal de ese hospital a venir al Senado y aqu\u00ed hacemos una conferencia de prensa&#8221;, esto acompa\u00f1ado de una video nota de la manifestaci\u00f3n del pasado martes 15 de junio.<\/p>\n\n\n\n<p>A dicho mensaje se le agregaron comentarios de parte de usuarios que solicitan al Gobierno Federal el apoyo para la instituci\u00f3n m\u00e9dica que atiende a pacientes de m\u00e1s de 30 municipios de Veracruz, incluso a derechohabientea de Oaxaca y Puebla, en algunos casos.<\/p>\n\n\n\n<p>Este no es el \u00fanico problema que presenta la Unidad M\u00e9dica de Alta Especialidad #14 del IMSS, pues cuando hay una lluvia fuerte, la parte del sotano, donde se encuentra el \u00e1rea de urgencias, sala de espera y rayos X, siempre se inunda debido a la falta de mantenimiento del nosocomio.<\/p>\n","protected":false},"excerpt":{"rendered":"<p>Alejandro \u00c1vila Veracruz, Ver.- El Senador, Julen Rementer\u00eda del Puerto, invit\u00f3 al personal m\u00e9dico de la UMAE 14 del IMSS con sede en el municipio de Veracruz a la C\u00e1mara Alta, para ofrecer una rueda de prensa y hacer m\u00e1s fuerte la exigencia de rehabilitaci\u00f3n del aire acondicionado. Hace unos d\u00edas, diversas \u00e1reas del nosocomio [&hellip;]<\/p>\n","protected":false},"author":1,"featured_media":15425,"comment_status":"open","ping_status":"open","sticky":false,"template":"","format":"standard","meta":{"_jetpack_memberships_contains_paid_content":false,"footnotes":""},"categories":[9],"tags":[],"class_list":["post-15424","post","type-post","status-publish","format-standard","has-post-thumbnail","hentry","category-salud"],"jetpack_featured_media_url":"https:\/\/encuentroinformativo.com.mx\/wp-content\/uploads\/2021\/06\/56CE553B-C498-447F-A885-B42053D1B79B.jpeg","jetpack_sharing_enabled":true,"jetpack_likes_enabled":true,"amp_enabled":true,"_links":{"self":[{"href":"https:\/\/encuentroinformativo.com.mx\/index.php?rest_route=\/wp\/v2\/posts\/15424","targetHints":{"allow":["GET"]}}],"collection":[{"href":"https:\/\/encuentroinformativo.com.mx\/index.php?rest_route=\/wp\/v2\/posts"}],"about":[{"href":"https:\/\/encuentroinformativo.com.mx\/index.php?rest_route=\/wp\/v2\/types\/post"}],"author":[{"embeddable":true,"href":"https:\/\/encuentroinformativo.com.mx\/index.php?rest_route=\/wp\/v2\/users\/1"}],"replies":[{"embeddable":true,"href":"https:\/\/encuentroinformativo.com.mx\/index.php?rest_route=%2Fwp%2Fv2%2Fcomments&post=15424"}],"version-history":[{"count":1,"href":"https:\/\/encuentroinformativo.com.mx\/index.php?rest_route=\/wp\/v2\/posts\/15424\/revisions"}],"predecessor-version":[{"id":15426,"href":"https:\/\/encuentroinformativo.com.mx\/index.php?rest_route=\/wp\/v2\/posts\/15424\/revisions\/15426"}],"wp:featuredmedia":[{"embeddable":true,"href":"https:\/\/encuentroinformativo.com.mx\/index.php?rest_route=\/wp\/v2\/media\/15425"}],"wp:attachment":[{"href":"https:\/\/encuentroinformativo.com.mx\/index.php?rest_route=%2Fwp%2Fv2%2Fmedia&parent=15424"}],"wp:term":[{"taxonomy":"category","embeddable":true,"href":"https:\/\/encuentroinformativo.com.mx\/index.php?rest_route=%2Fwp%2Fv2%2Fcategories&post=15424"},{"taxonomy":"post_tag","embeddable":true,"href":"https:\/\/encuentroinformativo.com.mx\/index.php?rest_route=%2Fwp%2Fv2%2Ftags&post=15424"}],"curies":[{"name":"wp","href":"https:\/\/api.w.org\/{rel}","templated":true}]}}