{"id":15427,"date":"2021-06-18T10:06:30","date_gmt":"2021-06-18T15:06:30","guid":{"rendered":"https:\/\/encuentroinformativo.com.mx\/?p=15427"},"modified":"2021-06-18T10:06:33","modified_gmt":"2021-06-18T15:06:33","slug":"desbordamiento-de-rio-la-union-cierra-carretera-ciuda-isla-cosoleacaque","status":"publish","type":"post","link":"https:\/\/encuentroinformativo.com.mx\/?p=15427","title":{"rendered":"Desbordamiento de r\u00edo La Uni\u00f3n cierra carretera Ciuda Isla &#8211; Cosoleacaque"},"content":{"rendered":"\n<p><strong>Alejandro \u00c1vila<\/strong><\/p>\n\n\n\n<p>Juan Rodr\u00edguez Clara, Ver.- Caminos y Puentes Federales (CAPUFE) inform\u00f3 que debido al desbordamiento del r\u00edo La Uni\u00f3n, esta ma\u00f1ana fue bloqueada la circulaci\u00f3n en la carretera 145, Ciudad Isla &#8211; Cosoleacaque, en el tramo 128 a la altura del municipio de Juan Rodr\u00edguez Clara.<\/p>\n\n\n\n<p>En direcci\u00f3n hacia el sur, el incremento del agua es notable e incluso algunos veh\u00edculos quedaron atrapados, situaci\u00f3n que fue documentada en fotograf\u00edas y videos.<\/p>\n\n\n\n<p>Durante al menos dos horas la circulaci\u00f3n fue cerrada, y personas de CAPUFE y Guardia Nacional realizaron labores de abanderamiento y otros apoyos viales y de rescate.<\/p>\n\n\n\n<p>De la misma manera se vio afectado el tramo alterno de la carretera federal 145, que va de Ciudad Alem\u00e1n a Sayula.<\/p>\n\n\n\n<p>Apenas este jueves por la tarde, la secretaria de Protecci\u00f3n Civil de Veracruz, Guadalupe Osorno Maldonado, confirm\u00f3 que los municipios de Coatepec y Ciudad Isla, hab\u00edan sido los m\u00e1s afectados por las lluvias del fin de semana, situaci\u00f3n que evidentemente provocar\u00edan deslaves y acciones como la sucedida en la carretera federal 145.<\/p>\n\n\n\n<p>Tan solos en Ciudad Isla, se ten\u00eda reporte de 120 viviendas afectadas, esto sin contar el desbordamiento del r\u00edo La Uni\u00f3n de esta ma\u00f1ana, por lo que la cifra de da\u00f1os podr\u00eda aumentar estrepitosamente.<\/p>\n\n\n\n<figure class=\"wp-block-image size-large\"><img loading=\"lazy\" decoding=\"async\" width=\"750\" height=\"533\" src=\"https:\/\/encuentroinformativo.com.mx\/wp-content\/uploads\/2021\/06\/8F7AAE0B-167F-4285-828B-E20B08C3CFA2.jpeg\" alt=\"\" class=\"wp-image-15429\" srcset=\"https:\/\/encuentroinformativo.com.mx\/wp-content\/uploads\/2021\/06\/8F7AAE0B-167F-4285-828B-E20B08C3CFA2.jpeg 750w, https:\/\/encuentroinformativo.com.mx\/wp-content\/uploads\/2021\/06\/8F7AAE0B-167F-4285-828B-E20B08C3CFA2-300x213.jpeg 300w, https:\/\/encuentroinformativo.com.mx\/wp-content\/uploads\/2021\/06\/8F7AAE0B-167F-4285-828B-E20B08C3CFA2-322x230.jpeg 322w\" sizes=\"auto, (max-width: 750px) 100vw, 750px\" \/><\/figure>\n","protected":false},"excerpt":{"rendered":"<p>Alejandro \u00c1vila Juan Rodr\u00edguez Clara, Ver.- Caminos y Puentes Federales (CAPUFE) inform\u00f3 que debido al desbordamiento del r\u00edo La Uni\u00f3n, esta ma\u00f1ana fue bloqueada la circulaci\u00f3n en la carretera 145, Ciudad Isla &#8211; Cosoleacaque, en el tramo 128 a la altura del municipio de Juan Rodr\u00edguez Clara. En direcci\u00f3n hacia el sur, el incremento del [&hellip;]<\/p>\n","protected":false},"author":1,"featured_media":15428,"comment_status":"open","ping_status":"open","sticky":false,"template":"","format":"standard","meta":{"_jetpack_memberships_contains_paid_content":false,"footnotes":""},"categories":[2],"tags":[],"class_list":["post-15427","post","type-post","status-publish","format-standard","has-post-thumbnail","hentry","category-estado"],"jetpack_featured_media_url":"https:\/\/encuentroinformativo.com.mx\/wp-content\/uploads\/2021\/06\/FE5BAF18-9191-48E2-B531-21E76F66172B.jpeg","jetpack_sharing_enabled":true,"jetpack_likes_enabled":true,"amp_enabled":true,"_links":{"self":[{"href":"https:\/\/encuentroinformativo.com.mx\/index.php?rest_route=\/wp\/v2\/posts\/15427","targetHints":{"allow":["GET"]}}],"collection":[{"href":"https:\/\/encuentroinformativo.com.mx\/index.php?rest_route=\/wp\/v2\/posts"}],"about":[{"href":"https:\/\/encuentroinformativo.com.mx\/index.php?rest_route=\/wp\/v2\/types\/post"}],"author":[{"embeddable":true,"href":"https:\/\/encuentroinformativo.com.mx\/index.php?rest_route=\/wp\/v2\/users\/1"}],"replies":[{"embeddable":true,"href":"https:\/\/encuentroinformativo.com.mx\/index.php?rest_route=%2Fwp%2Fv2%2Fcomments&post=15427"}],"version-history":[{"count":1,"href":"https:\/\/encuentroinformativo.com.mx\/index.php?rest_route=\/wp\/v2\/posts\/15427\/revisions"}],"predecessor-version":[{"id":15430,"href":"https:\/\/encuentroinformativo.com.mx\/index.php?rest_route=\/wp\/v2\/posts\/15427\/revisions\/15430"}],"wp:featuredmedia":[{"embeddable":true,"href":"https:\/\/encuentroinformativo.com.mx\/index.php?rest_route=\/wp\/v2\/media\/15428"}],"wp:attachment":[{"href":"https:\/\/encuentroinformativo.com.mx\/index.php?rest_route=%2Fwp%2Fv2%2Fmedia&parent=15427"}],"wp:term":[{"taxonomy":"category","embeddable":true,"href":"https:\/\/encuentroinformativo.com.mx\/index.php?rest_route=%2Fwp%2Fv2%2Fcategories&post=15427"},{"taxonomy":"post_tag","embeddable":true,"href":"https:\/\/encuentroinformativo.com.mx\/index.php?rest_route=%2Fwp%2Fv2%2Ftags&post=15427"}],"curies":[{"name":"wp","href":"https:\/\/api.w.org\/{rel}","templated":true}]}}