{"id":15431,"date":"2021-06-18T10:00:13","date_gmt":"2021-06-18T15:00:13","guid":{"rendered":"https:\/\/encuentroinformativo.com.mx\/?p=15431"},"modified":"2021-06-18T10:33:07","modified_gmt":"2021-06-18T15:33:07","slug":"padre-de-diputado-de-morena-atras-de-protestas-en-martinez-de-la-torre","status":"publish","type":"post","link":"https:\/\/encuentroinformativo.com.mx\/?p=15431","title":{"rendered":"PADRE DE DIPUTADO DE MORENA, ATR\u00c1S DE PROTESTAS EN MART\u00cdNEZ DE LA TORRE"},"content":{"rendered":"\n<p><strong>@pablojair<\/strong><\/p>\n\n\n\n<ul class=\"wp-block-list\"><li>De haberlo ganado todo, el negociazo\u2026<\/li><li>Vinieron pipopes a agarrar el Pirul\u00ed.<\/li><li>\u00bfA\u00f1o de Hidalgo con el parque de Coatepec?<\/li><\/ul>\n\n\n\n<p>Est\u00e1n bien perronas las nuevas patrullas anfibias que trajo Licha Villareal y estren\u00f3 en Vega de Alatorre.<br>&#8211;Chopenjawer<\/p>\n\n\n\n<p>Este viernes regresa a Veracruz el presidente Andr\u00e9s Manuel L\u00f3pez Obrador para terminar de destrabar el conflicto en Paso Largo, municipio de Mart\u00ednez de la Torre, comunidad que se opon\u00eda a que se terminara de construir la autopista Cardel-Poza Rica, argumentando problemas de inundaciones.<\/p>\n\n\n\n<p>Los habitantes ped\u00edan la construcci\u00f3n de un puente de dos kil\u00f3metros que &#8211;de entrada&#8211; es financieramente imposible para la empresa constructora; pero adem\u00e1s, de acuerdo a dict\u00e1menes t\u00e9cnicos, no era necesario hacerlo.<\/p>\n\n\n\n<p>Se sabe que cerca de las 10 de la ma\u00f1ana de este jueves 17 de junio, finalmente los negociadores del gobierno estatal y federal convencieron a los pobladores de permitir que se termine la construcci\u00f3n de dicha v\u00eda, importante para reducir el tiempo al norte del estado, cuyas carreteras hist\u00f3ricamente se encuentran en muy malas condiciones.<\/p>\n\n\n\n<p>Ser\u00e1 este mismo viernes, en su en\u00e9sima gira, cuando AMLO anuncie con detalle cu\u00e1les fueron los acuerdos con los habitantes de esa regi\u00f3n.<\/p>\n\n\n\n<p>El que comentan que brill\u00f3 por ausencia en este asunto, fue el delegado de la Secretar\u00eda de Gobernaci\u00f3n, que nom\u00e1s es notable porque no atiende conflictos en la entidad,y s\u00f3lo se dedica a pasar reportes a la Ciudad de M\u00e9xico, de donde lo mandaron recomendado.<\/p>\n\n\n\n<p>Otro dato relevante que surgi\u00f3 al paso de los d\u00edas en este conflicto, es que los manifestantes fueron encabezados por Urbano G\u00f3mez Becerril, padre del diputado plurinominal local por Morena, Henri Christophe G\u00f3mez S\u00e1nchez; su progenitor tambi\u00e9n es identificado como miembro de la agrupaci\u00f3n Antorcha Campesina.<\/p>\n\n\n\n<p>A los mismos negociadores les caus\u00f3 extra\u00f1eza la presencia del padre del legislador, pues se sabe que tanto Ubaldo como Henri ni siquiera viven por esos rumbos, pues tienen residencia casi al otro extremo del municipio.<\/p>\n\n\n\n<p>No obstante, al parecer, vieron que el conflicto s\u00ed rend\u00eda capital pol\u00edtico\u2026 y lo estuvieron exprimiendo hasta hace algunas horas.<\/p>\n\n\n\n<p>En parte s\u00ed tienen raz\u00f3n: Mart\u00ednez de la Torre y San Rafael son lugares que corren peligro en \u00e9pocas de lluvias muy intensas; de hecho todav\u00eda recuerdan las fuertes inundaciones de 1999, que azotaron a buena parte de la entidad veracruzana.<\/p>\n\n\n\n<p>Con este argumento, los pobladores manten\u00edan detenida la construcci\u00f3n de dicha autopista, y el asunto comenz\u00f3 a tomar reciente relevancia cuando el presidente hizo una visita sorpresa a dicha comunidad el pasado 22 de mayo.<\/p>\n\n\n\n<p>En ese entonces, public\u00f3 un video en sus redes sociales informando: &#8220;Acabamos de ir a la supervisi\u00f3n de una carretera; una autopista que est\u00e1 interrumpida; faltan dos kil\u00f3metros aqu\u00ed en San Rafael, y por esos dos kil\u00f3metros no podemos transitar desde Veracruz hasta Tampico (\u2026) Ya vamos a construir las obras hidr\u00e1ulicas y nos vamos a entender. Ya qued\u00e9 que voy a regresar con ellos&#8221;.<\/p>\n\n\n\n<p>Y finalmente, regres\u00f3.<\/p>\n\n\n\n<p><strong>NOTA PARA PEGAR EN EL REFRI: <\/strong>Imag\u00ednese usted si hubiesen ganado la gubernatura. Los negocios al amparo al poder que iban (pretenden) a hacer el gober Cascarita y sus can(h)ijos. Un plan a largo plazo para enriquecerse con proyectos inmobiliarios usando el tr\u00e1fico de influencias, prestanombres, empresas fantasma\u2026 Ya ten\u00edan (o tienen) planes para terrenos con plusval\u00eda y los ayuntamientos son los conductos para uso de suelo, permisos, licencias, etc\u2026 El real fondo es el gran negocio millonario en el cual se han enriquecido por a\u00f1os, usando las instituciones para la protecci\u00f3n pol\u00edtica, pero no contaban con que iba a aparecer en el mapa un fen\u00f3meno llamado L\u00f3pez Obrador y otro llamado Morena\u2026 \u00bfservir a Veracruz y a los veracruzanos? My eggs are your eyes\u2026<\/p>\n\n\n\n<p><strong>OTRA NOTA: <\/strong>De esas cosas que sorprenden en el Chuirer: resulta que ayer la tendencia era &#8220;El Pirul\u00ed&#8221; y de inmediato uno bien wey se puso a pensar: &#8220;\u00a1Ah ching\u00e1! \u00bfTons el cantante no est\u00e1 muerto?&#8221;\u2026 Pero no, es que agentes pipopes apa\u00f1aron en Mart\u00ednez de la Torre a un malandro con ese apodo que se fug\u00f3 de un penal Puebla hace unos d\u00edas: el 6 de junio de 2021\u2026 Futa y uno ilusion\u00e1ndose que otra vez escuchar\u00edamos con un pomo de Jack: &#8220;Soy ese vicio de tu piel, que ya no puedes desprendeeeeeer. Soy lo prohibido&#8221;\u2026<\/p>\n\n\n\n<p><strong>LA \u00daLTIMA PORQUE VIENE EL &#8220;PEJIDENTE&#8221; Y HAY QUE MADRUGAR:<\/strong> En el Magic-Town de Coatepec hay habitantes molestos porque en el Ayuntamiento se les ocurri\u00f3 remodelar el principal parque de la ciudad, pero sin informar\u2026 Por lo tanto, agrupaciones y asociaciones civiles como C\u00edrculo Cultural, Asociaci\u00f3n de Arquitectos, Participaci\u00f3n Ciudadana y Consejo del Centro Hist\u00f3rico, a fin de conocer el proyecto de rehabilitaci\u00f3n del parque Miguel Hidalgo, tuvieron una reuni\u00f3n con las autoridades municipales salientes donde fueron recibidos por el secretario del Ayuntamiento y la directora de Obras P\u00fablicas. Ah\u00ed se les explic\u00f3 a los funcionarios de la necesidad de conocer el mencionado proyecto por la importancia hist\u00f3rica, urban\u00edstica, arquitect\u00f3nica, de uno de los m\u00e1s importantes iconos de la ciudad\u2026 Los inconformes mencionaron que la aprobaci\u00f3n del Instituto de Antrop\u00f3loga e Historia (INAH) no representa una garant\u00eda de estar bien ejecutado dicho proyecto por los varios yerros que este instituto ha realizado en la ciudad, agrediendo a la imagen y al contexto hist\u00f3rico en diversas autorizaciones otorgadas; casos representativos como: Ferreter\u00eda Onofre, Coppel, puente Obrador y el \u00faltimo en la presente administraci\u00f3n: el puente La Granja\u2026 La respuesta de las autoridades fue que dicha solicitud se tendr\u00eda que hacer mediante su oficina de Trasparencia y en los plazos que marca la ley \u201410 d\u00edas h\u00e1biles\u2014 se har\u00eda del conocimiento el proyecto y complementos: presupuesto, especificaciones calendario de ejecuci\u00f3n\u2026 Por la respuesta, hubo objeci\u00f3n ciudadana y se pidi\u00f3 otra reuni\u00f3n para el 21 de junio, donde las autoridades municipales se comprometieron a dar a conocer el proyecto ejecutivo\u2026 Al interior del Ayuntamiento dicen que de seguro no quieren mostrar el presupuesto del proyecto porque est\u00e1n desfondados con la campa\u00f1a fallida del PAN\u2026 y adem\u00e1s es el a\u00f1o de Hidalgo\u2026 \u00bfSer\u00e1?<\/p>\n","protected":false},"excerpt":{"rendered":"<p>@pablojair De haberlo ganado todo, el negociazo\u2026 Vinieron pipopes a agarrar el Pirul\u00ed. \u00bfA\u00f1o de Hidalgo con el parque de Coatepec? Est\u00e1n bien perronas las nuevas patrullas anfibias que trajo Licha Villareal y estren\u00f3 en Vega de Alatorre.&#8211;Chopenjawer Este viernes regresa a Veracruz el presidente Andr\u00e9s Manuel L\u00f3pez Obrador para terminar de destrabar el conflicto [&hellip;]<\/p>\n","protected":false},"author":1,"featured_media":488,"comment_status":"open","ping_status":"open","sticky":false,"template":"","format":"standard","meta":{"_jetpack_memberships_contains_paid_content":false,"footnotes":""},"categories":[11],"tags":[],"class_list":["post-15431","post","type-post","status-publish","format-standard","has-post-thumbnail","hentry","category-opinion"],"jetpack_featured_media_url":"https:\/\/encuentroinformativo.com.mx\/wp-content\/uploads\/2020\/03\/F471F608-BA1A-416B-BA7B-BCFB24F4E6D0.jpeg","jetpack_sharing_enabled":true,"jetpack_likes_enabled":true,"amp_enabled":true,"_links":{"self":[{"href":"https:\/\/encuentroinformativo.com.mx\/index.php?rest_route=\/wp\/v2\/posts\/15431","targetHints":{"allow":["GET"]}}],"collection":[{"href":"https:\/\/encuentroinformativo.com.mx\/index.php?rest_route=\/wp\/v2\/posts"}],"about":[{"href":"https:\/\/encuentroinformativo.com.mx\/index.php?rest_route=\/wp\/v2\/types\/post"}],"author":[{"embeddable":true,"href":"https:\/\/encuentroinformativo.com.mx\/index.php?rest_route=\/wp\/v2\/users\/1"}],"replies":[{"embeddable":true,"href":"https:\/\/encuentroinformativo.com.mx\/index.php?rest_route=%2Fwp%2Fv2%2Fcomments&post=15431"}],"version-history":[{"count":1,"href":"https:\/\/encuentroinformativo.com.mx\/index.php?rest_route=\/wp\/v2\/posts\/15431\/revisions"}],"predecessor-version":[{"id":15432,"href":"https:\/\/encuentroinformativo.com.mx\/index.php?rest_route=\/wp\/v2\/posts\/15431\/revisions\/15432"}],"wp:featuredmedia":[{"embeddable":true,"href":"https:\/\/encuentroinformativo.com.mx\/index.php?rest_route=\/wp\/v2\/media\/488"}],"wp:attachment":[{"href":"https:\/\/encuentroinformativo.com.mx\/index.php?rest_route=%2Fwp%2Fv2%2Fmedia&parent=15431"}],"wp:term":[{"taxonomy":"category","embeddable":true,"href":"https:\/\/encuentroinformativo.com.mx\/index.php?rest_route=%2Fwp%2Fv2%2Fcategories&post=15431"},{"taxonomy":"post_tag","embeddable":true,"href":"https:\/\/encuentroinformativo.com.mx\/index.php?rest_route=%2Fwp%2Fv2%2Ftags&post=15431"}],"curies":[{"name":"wp","href":"https:\/\/api.w.org\/{rel}","templated":true}]}}