{"id":15437,"date":"2021-06-18T13:36:31","date_gmt":"2021-06-18T18:36:31","guid":{"rendered":"https:\/\/encuentroinformativo.com.mx\/?p=15437"},"modified":"2021-06-18T13:36:35","modified_gmt":"2021-06-18T18:36:35","slug":"acusan-inaccion-de-autoridades-en-busqueda-de-activista-cresencio-vera","status":"publish","type":"post","link":"https:\/\/encuentroinformativo.com.mx\/?p=15437","title":{"rendered":"Acusan inacci\u00f3n de autoridades en b\u00fasqueda de activista Cresencio Vera"},"content":{"rendered":"\n<p><strong>Dar\u00edo Pale<\/strong><\/p>\n\n\n\n<p>Xalapa, Ver.- El Comit\u00e9 Contra la Desaparici\u00f3n Forzada de la ONU emite &#8220;acci\u00f3n urgente&#8221; para localizar al activista Cresencio Vera, ya que los hijos del activista denucian inacci\u00f3n y omisi\u00f3n de la FGE, de la Comisi\u00f3n de B\u00fasqueda del estado.<\/p>\n\n\n\n<p>En conferencia de prensa realizada en conocido caf\u00e9 del centro de Xalapa, los hijos de Cresencio Vera Vidal, activista cultural y exalcalde del municipio de Tepetzintla, junto con el colectivo Familiares en B\u00fasqueda de Personas Desaparecidas &#8220;Mar\u00eda Herrera&#8221;, de la regi\u00f3n de Poza Rica, informaron que ante la omisi\u00f3n e inacci\u00f3n de las autoridades estatales para su localizaci\u00f3n, el Comit\u00e9 Contra la Desaparici\u00f3n Forzada de la ONU emiti\u00f3 la &#8220;acci\u00f3n urgente&#8221; a nombre del desaparecido.<\/p>\n\n\n\n<p>Adem\u00e1s, denunciaron que la desaparici\u00f3n se enmarca en la pugna regional por las elecciones y en el &#8220;grave&#8221; clima de violencia que sufre la regi\u00f3n norte del Estado.<\/p>\n\n\n\n<p>Su hija Katia Karine Vera dio a conocer que, &#8220;en el momento de su desaparici\u00f3n, su yerno era aspirante a la candidatura de Morena por la alcald\u00eda de Tepetzintla, Julio C\u00e9sar Gonz\u00e1lez C\u00e1rdenas y su principal adversario pol\u00edtico era el esposo de la actual presidenta, Olga Isela Gerardo Morales&#8221;.<\/p>\n\n\n\n<p>Hasta este momento han pasado tres meses de la desaparici\u00f3n de su padre y hay pocos indicios de lo que le sucedi\u00f3.<\/p>\n\n\n\n<p>Dieron a conocer que Cresencio Vera Vidal desapareci\u00f3 el pasado 17 de marzo, hasta ese momento se desempe\u00f1aba como colaborador de la CAEV en la oficina del municipio de Cazones de Herrera.<\/p>\n\n\n\n<p>Katia Karine Vera, indic\u00f3 que sali\u00f3 de su trabajo el pasado 17 de marzo con direcci\u00f3n a Tuxpan a una reuni\u00f3n de trabajo el d\u00eda siguiente, pero de ah\u00ed ya no se supo su paradero.<\/p>\n\n\n\n<p>Acudieron ante la Fiscal\u00eda General del Estado a presentar la denuncia correspondiente, posteriormente recibieron llamadas dici\u00e9ndoles que estaba detenido, pero no indicaron qu\u00e9 autoridad era,, luego pidieron dinero, pero tampoco especificaron la raz\u00f3n o qui\u00e9n exig\u00eda el pago y por qu\u00e9 y lo tomaron como una llamada de extorsi\u00f3n que no ten\u00eda nada que ver.<\/p>\n\n\n\n<p>Ante las condiciones de inseguridad, tanto ella como su hermano Carlos Rigoberto, decidieron desplazarse hacia Xalapa y exigir avances en las indagatorias.<\/p>\n\n\n\n<p>Ante la omisi\u00f3n e inacci\u00f3n de las autoridades locales y estatales, decidieron acudir ante las instancias internacionales para exigir la b\u00fasqueda de Cresencio y el Comit\u00e9 Contra la Desaparici\u00f3n Forzada de la ONU emiti\u00f3 la &#8220;acci\u00f3n urgente&#8221; 1014\/2021 dirigida al Estado Mexicano en nombre del desaparecido, notificada los primeros d\u00edas del mes de abril.<\/p>\n\n\n\n<p>&#8220;Hemos constatado descoordinaci\u00f3n, desinter\u00e9s e indolencia por parte de la Comisi\u00f3n Nacional y Estatal de B\u00fasqueda en el cumplimiento de las acciones efectivas e inmediatas para la b\u00fasqueda de nuestro padre&#8221;, expres\u00f3.<\/p>\n\n\n\n<p>Es por ello que este d\u00eda, los hijos de Cresencio exigieron al Gobernador que cumpla con su compromiso de dar prioridad en su gesti\u00f3n a los asuntos de desaparecidos.<\/p>\n","protected":false},"excerpt":{"rendered":"<p>Dar\u00edo Pale Xalapa, Ver.- El Comit\u00e9 Contra la Desaparici\u00f3n Forzada de la ONU emite &#8220;acci\u00f3n urgente&#8221; para localizar al activista Cresencio Vera, ya que los hijos del activista denucian inacci\u00f3n y omisi\u00f3n de la FGE, de la Comisi\u00f3n de B\u00fasqueda del estado. En conferencia de prensa realizada en conocido caf\u00e9 del centro de Xalapa, los [&hellip;]<\/p>\n","protected":false},"author":1,"featured_media":15438,"comment_status":"open","ping_status":"open","sticky":false,"template":"","format":"standard","meta":{"_jetpack_memberships_contains_paid_content":false,"footnotes":""},"categories":[2],"tags":[],"class_list":["post-15437","post","type-post","status-publish","format-standard","has-post-thumbnail","hentry","category-estado"],"jetpack_featured_media_url":"https:\/\/encuentroinformativo.com.mx\/wp-content\/uploads\/2021\/06\/E08F840E-8A63-43D9-BB8D-C8ACB86413D1.jpeg","jetpack_sharing_enabled":true,"jetpack_likes_enabled":true,"amp_enabled":true,"_links":{"self":[{"href":"https:\/\/encuentroinformativo.com.mx\/index.php?rest_route=\/wp\/v2\/posts\/15437","targetHints":{"allow":["GET"]}}],"collection":[{"href":"https:\/\/encuentroinformativo.com.mx\/index.php?rest_route=\/wp\/v2\/posts"}],"about":[{"href":"https:\/\/encuentroinformativo.com.mx\/index.php?rest_route=\/wp\/v2\/types\/post"}],"author":[{"embeddable":true,"href":"https:\/\/encuentroinformativo.com.mx\/index.php?rest_route=\/wp\/v2\/users\/1"}],"replies":[{"embeddable":true,"href":"https:\/\/encuentroinformativo.com.mx\/index.php?rest_route=%2Fwp%2Fv2%2Fcomments&post=15437"}],"version-history":[{"count":1,"href":"https:\/\/encuentroinformativo.com.mx\/index.php?rest_route=\/wp\/v2\/posts\/15437\/revisions"}],"predecessor-version":[{"id":15439,"href":"https:\/\/encuentroinformativo.com.mx\/index.php?rest_route=\/wp\/v2\/posts\/15437\/revisions\/15439"}],"wp:featuredmedia":[{"embeddable":true,"href":"https:\/\/encuentroinformativo.com.mx\/index.php?rest_route=\/wp\/v2\/media\/15438"}],"wp:attachment":[{"href":"https:\/\/encuentroinformativo.com.mx\/index.php?rest_route=%2Fwp%2Fv2%2Fmedia&parent=15437"}],"wp:term":[{"taxonomy":"category","embeddable":true,"href":"https:\/\/encuentroinformativo.com.mx\/index.php?rest_route=%2Fwp%2Fv2%2Fcategories&post=15437"},{"taxonomy":"post_tag","embeddable":true,"href":"https:\/\/encuentroinformativo.com.mx\/index.php?rest_route=%2Fwp%2Fv2%2Ftags&post=15437"}],"curies":[{"name":"wp","href":"https:\/\/api.w.org\/{rel}","templated":true}]}}