{"id":1546,"date":"2020-04-02T14:42:25","date_gmt":"2020-04-02T20:42:25","guid":{"rendered":"https:\/\/encuentroinformativo.com\/?p=1546"},"modified":"2020-04-02T14:42:27","modified_gmt":"2020-04-02T20:42:27","slug":"disminuyen-ventas-de-legumbres-ante-contingencia","status":"publish","type":"post","link":"https:\/\/encuentroinformativo.com.mx\/?p=1546","title":{"rendered":"Disminuyen ventas de legumbres ante contingencia"},"content":{"rendered":"\n<p><strong>Juan Arcos <\/strong><\/p>\n\n\n\n<p>Xalapa, Ver.- Productores de haba y otras legumbres, quienes provienen de Oyameles, Puebla, denunciaron que sus ventas han disminuido m\u00e1s del 50 por ciento, debido al coronavirus.<\/p>\n\n\n\n<p>Durante la temporada de cuaresma, Felipe Zaragoza S\u00e1nchez vende tambi\u00e9n haba con camar\u00f3n, as\u00ed como tambi\u00e9n, frijol amarillo, negro y mantequilla.<\/p>\n\n\n\n<p>\u201cNos ha afectado (el coronavirus) porque ya no es lo mismo que antes, la gente ven\u00eda y compraba, y ahorita ya no, pr\u00e1cticamente nos bajaron las ventas\u201d.<\/p>\n\n\n\n<p>Su peque\u00f1o puesto se encuentra sobre la calle Atletas, en el barrio de El Dique, cerca de la Bas\u00edlica Menor de Nuestra Se\u00f1ora de Guadalupe.<\/p>\n\n\n\n<p>El entrevistado mencion\u00f3 que se elevaron los precios porque la sequ\u00eda merm\u00f3 la producci\u00f3n.<\/p>\n\n\n\n<p>El precio del kilogramo de haba est\u00e1 en 70 u 80 pesos.<\/p>\n\n\n\n<p>\u201cNosotros tambi\u00e9n vend\u00edamos en los tianguis pero estamos a la espera de lo que dicen las autoridades, si nos siguen dejando o ya no\u201d.<\/p>\n\n\n\n<p>El se\u00f1or consider\u00f3 que sus productos son de primera necesidad y, por ende, seguir\u00e1 vendiendo en donde las autoridades municipales lo permitan.<\/p>\n\n\n\n<p><\/p>\n\n\n\n<p><\/p>\n","protected":false},"excerpt":{"rendered":"<p>Juan Arcos Xalapa, Ver.- Productores de haba y otras legumbres, quienes provienen de Oyameles, Puebla, denunciaron que sus ventas han disminuido m\u00e1s del 50 por ciento, debido al coronavirus. Durante la temporada de cuaresma, Felipe Zaragoza S\u00e1nchez vende tambi\u00e9n haba con camar\u00f3n, as\u00ed como tambi\u00e9n, frijol amarillo, negro y mantequilla. \u201cNos ha afectado (el coronavirus) [&hellip;]<\/p>\n","protected":false},"author":1,"featured_media":1547,"comment_status":"open","ping_status":"open","sticky":false,"template":"","format":"standard","meta":{"_jetpack_memberships_contains_paid_content":false,"footnotes":""},"categories":[2],"tags":[],"class_list":["post-1546","post","type-post","status-publish","format-standard","has-post-thumbnail","hentry","category-estado"],"jetpack_featured_media_url":"https:\/\/encuentroinformativo.com.mx\/wp-content\/uploads\/2020\/04\/8F01C3CF-BA9A-43DC-808E-C6BCD0063F2F.jpeg","jetpack_sharing_enabled":true,"jetpack_likes_enabled":true,"amp_enabled":true,"_links":{"self":[{"href":"https:\/\/encuentroinformativo.com.mx\/index.php?rest_route=\/wp\/v2\/posts\/1546","targetHints":{"allow":["GET"]}}],"collection":[{"href":"https:\/\/encuentroinformativo.com.mx\/index.php?rest_route=\/wp\/v2\/posts"}],"about":[{"href":"https:\/\/encuentroinformativo.com.mx\/index.php?rest_route=\/wp\/v2\/types\/post"}],"author":[{"embeddable":true,"href":"https:\/\/encuentroinformativo.com.mx\/index.php?rest_route=\/wp\/v2\/users\/1"}],"replies":[{"embeddable":true,"href":"https:\/\/encuentroinformativo.com.mx\/index.php?rest_route=%2Fwp%2Fv2%2Fcomments&post=1546"}],"version-history":[{"count":1,"href":"https:\/\/encuentroinformativo.com.mx\/index.php?rest_route=\/wp\/v2\/posts\/1546\/revisions"}],"predecessor-version":[{"id":1548,"href":"https:\/\/encuentroinformativo.com.mx\/index.php?rest_route=\/wp\/v2\/posts\/1546\/revisions\/1548"}],"wp:featuredmedia":[{"embeddable":true,"href":"https:\/\/encuentroinformativo.com.mx\/index.php?rest_route=\/wp\/v2\/media\/1547"}],"wp:attachment":[{"href":"https:\/\/encuentroinformativo.com.mx\/index.php?rest_route=%2Fwp%2Fv2%2Fmedia&parent=1546"}],"wp:term":[{"taxonomy":"category","embeddable":true,"href":"https:\/\/encuentroinformativo.com.mx\/index.php?rest_route=%2Fwp%2Fv2%2Fcategories&post=1546"},{"taxonomy":"post_tag","embeddable":true,"href":"https:\/\/encuentroinformativo.com.mx\/index.php?rest_route=%2Fwp%2Fv2%2Ftags&post=1546"}],"curies":[{"name":"wp","href":"https:\/\/api.w.org\/{rel}","templated":true}]}}