{"id":15466,"date":"2021-06-20T13:31:26","date_gmt":"2021-06-20T18:31:26","guid":{"rendered":"https:\/\/encuentroinformativo.com.mx\/?p=15466"},"modified":"2021-06-20T13:31:30","modified_gmt":"2021-06-20T18:31:30","slug":"realizan-toma-simbolica-de-bodega-de-mineria-el-cobre","status":"publish","type":"post","link":"https:\/\/encuentroinformativo.com.mx\/?p=15466","title":{"rendered":"Realizan toma simb\u00f3lica de bodega de miner\u00eda \u201cEl Cobre\u201d"},"content":{"rendered":"\n<p><strong>Juan Arcos <\/strong><\/p>\n\n\n\n<p>Actopan, Ver.- Pobladores y ambientalistas tomaron de manera simb\u00f3lica las bodegas de la mina a cielo abierto conocida como \u201cEl Cobre\u201d, en la localidad Tinajitas, municipio de Actopan.<\/p>\n\n\n\n<p>La gente protest\u00f3, para denunciar que la miner\u00eda a cielo abierto est\u00e1 generando da\u00f1os ambientales irreversibles en el estado de Veracruz.<\/p>\n\n\n\n<p>Alrededor de las cinco de la tarde del s\u00e1bado, las personas realizaron actividades culturales e informativas sobre la avenida Salvador D\u00edaz Mir\u00f3n de la congregaci\u00f3n, con el objetivo de concientizar a la poblaci\u00f3n sobre los efectos de los proyectos mineros.<\/p>\n\n\n\n<p>Posteriormente, marcharon en la zona centro de Tinajitas, lanzando consignas contra la miner\u00eda \u201ct\u00f3xica\u201d y demandando que Veracruz sea declarado un estado libre de esta actividad.<\/p>\n\n\n\n<p>De acuerdo con Miguel Rosado Viveros, habitante de la localidad Mozomboa, son\u00a070 mil hect\u00e1reas que han sido concesionadas para proyectos mineros solo en la regi\u00f3n de Actopan y Alto Lucero.<\/p>\n\n\n\n<p>En esta zona costera de la entidad colocaron lonas y pancartas con diversos mensajes, como \u201cqueremos agua y ma\u00edz, fuera mina del pa\u00eds&#8221;, &#8220;s\u00ed a la vida, no a la mina&#8221;, &#8220;tomar agua nos da vida, tomar conciencia nos dar\u00e1 agua&#8221; y \u201cqueremos frijol, queremos ma\u00edz, fuera las mineras del pa\u00eds&#8221;.<\/p>\n\n\n\n<p>La gente dijo estar preocupada por las condiciones en la que se desarrollan las maniobras para extraer oro, plata y cobre en la zona.<\/p>\n\n\n\n<p>En la entrada al pueblo se observa un mural sobre la riqueza natural que fue pintado por los ambientalistas, acompa\u00f1ado de la leyenda \u201cs\u00ed a la vida, no a la mina\u201d.<\/p>\n\n\n\n<p>En la zona tambi\u00e9n contin\u00faa vigente el proyecto Caballo Blanco, ahora conocido como La Paila, donde buscan extraer oro y plata.<\/p>\n\n\n\n<p>Tinajitas se encuentra cerca de la carretera Cardel-Nautla, mejor conocida como la costera del Golfo, a casi seis kil\u00f3metros de la Planta Nucleol\u00e9ctrica &#8220;Laguna Verde&#8221;.<\/p>\n\n\n\n<p>En el evento participaron integrantes de La Asamblea Veracruzana de Iniciativas y Defensa Ambiental (Lavida), pescadores de la Laguna de El Farall\u00f3n y pobladores de las distintas localidades de la regi\u00f3n.<\/p>\n","protected":false},"excerpt":{"rendered":"<p>Juan Arcos Actopan, Ver.- Pobladores y ambientalistas tomaron de manera simb\u00f3lica las bodegas de la mina a cielo abierto conocida como \u201cEl Cobre\u201d, en la localidad Tinajitas, municipio de Actopan. La gente protest\u00f3, para denunciar que la miner\u00eda a cielo abierto est\u00e1 generando da\u00f1os ambientales irreversibles en el estado de Veracruz. Alrededor de las cinco [&hellip;]<\/p>\n","protected":false},"author":1,"featured_media":15467,"comment_status":"open","ping_status":"open","sticky":false,"template":"","format":"standard","meta":{"_jetpack_memberships_contains_paid_content":false,"footnotes":""},"categories":[8],"tags":[],"class_list":["post-15466","post","type-post","status-publish","format-standard","has-post-thumbnail","hentry","category-region"],"jetpack_featured_media_url":"https:\/\/encuentroinformativo.com.mx\/wp-content\/uploads\/2021\/06\/E51C4858-BB68-44AE-9B79-EA829AC4AEB7.jpeg","jetpack_sharing_enabled":true,"jetpack_likes_enabled":true,"amp_enabled":true,"_links":{"self":[{"href":"https:\/\/encuentroinformativo.com.mx\/index.php?rest_route=\/wp\/v2\/posts\/15466","targetHints":{"allow":["GET"]}}],"collection":[{"href":"https:\/\/encuentroinformativo.com.mx\/index.php?rest_route=\/wp\/v2\/posts"}],"about":[{"href":"https:\/\/encuentroinformativo.com.mx\/index.php?rest_route=\/wp\/v2\/types\/post"}],"author":[{"embeddable":true,"href":"https:\/\/encuentroinformativo.com.mx\/index.php?rest_route=\/wp\/v2\/users\/1"}],"replies":[{"embeddable":true,"href":"https:\/\/encuentroinformativo.com.mx\/index.php?rest_route=%2Fwp%2Fv2%2Fcomments&post=15466"}],"version-history":[{"count":1,"href":"https:\/\/encuentroinformativo.com.mx\/index.php?rest_route=\/wp\/v2\/posts\/15466\/revisions"}],"predecessor-version":[{"id":15468,"href":"https:\/\/encuentroinformativo.com.mx\/index.php?rest_route=\/wp\/v2\/posts\/15466\/revisions\/15468"}],"wp:featuredmedia":[{"embeddable":true,"href":"https:\/\/encuentroinformativo.com.mx\/index.php?rest_route=\/wp\/v2\/media\/15467"}],"wp:attachment":[{"href":"https:\/\/encuentroinformativo.com.mx\/index.php?rest_route=%2Fwp%2Fv2%2Fmedia&parent=15466"}],"wp:term":[{"taxonomy":"category","embeddable":true,"href":"https:\/\/encuentroinformativo.com.mx\/index.php?rest_route=%2Fwp%2Fv2%2Fcategories&post=15466"},{"taxonomy":"post_tag","embeddable":true,"href":"https:\/\/encuentroinformativo.com.mx\/index.php?rest_route=%2Fwp%2Fv2%2Ftags&post=15466"}],"curies":[{"name":"wp","href":"https:\/\/api.w.org\/{rel}","templated":true}]}}