{"id":15469,"date":"2021-06-20T13:37:57","date_gmt":"2021-06-20T18:37:57","guid":{"rendered":"https:\/\/encuentroinformativo.com.mx\/?p=15469"},"modified":"2021-06-20T13:38:00","modified_gmt":"2021-06-20T18:38:00","slug":"se-observa-recuperacion-en-laguna-de-el-farallon","status":"publish","type":"post","link":"https:\/\/encuentroinformativo.com.mx\/?p=15469","title":{"rendered":"Se observa recuperaci\u00f3n en Laguna de El Farall\u00f3n"},"content":{"rendered":"\n<p><strong>Juan Arcos<\/strong><\/p>\n\n\n\n<p>Actopan, Ver.- La laguna El Farall\u00f3n, municipio de Actopan, comenz\u00f3 a recuperarse, pese a que hace unos meses se hab\u00eda secado casi en su totalidad por la temporada de estiaje, la extracci\u00f3n ilegal de agua y los proyectos de miner\u00eda a cielo abierto en la zona.<\/p>\n\n\n\n<p>El agua abarca unas 40 de las 180 hect\u00e1reas que comprend\u00eda este humedal, cuya profundidad es de apenas 40 cent\u00edmetros, cuando anteriormente alcanzaba los ocho o diez metros.<\/p>\n\n\n\n<p>El cuerpo de agua se observa desde la carretera Cardel-Nautla, mejor conocida como Costera del Golfo, y se encuentra entre La Mancha y Villa Rica, muy cerca de la Central Nucleoel\u00e9ctrica de Laguna Verde.<\/p>\n\n\n\n<p>De acuerdo con Guillermo Mu\u00f1iz Montero, pescador de esta laguna, las \u00faltimas dos lluvias que cayeron en la zona costera le dieron vida al lugar, donde comienzan a regresar las aves.<\/p>\n\n\n\n<p>El entrevistado se\u00f1al\u00f3 que el cuerpo lagunar comenz\u00f3 a recuperarse sin la ayuda del gobierno, a quien se le solicit\u00f3 su intervenci\u00f3n por la grave sequ\u00eda que se habr\u00eda registrado en el sitio.\u00a0<\/p>\n\n\n\n<p>\u201cAgradecemos a Dios nuestro se\u00f1or que ya cay\u00f3 una poca de agua, sin la ayuda de los gobiernos, ni del municipal, estatal y federal\u201d, expres\u00f3 el pescador, cuya actividad est\u00e1 suspendida por la falta de agua y de especies.<\/p>\n\n\n\n<p>M\u00e1s de 200 familias dependen de manera directa, pues forman parte de la Cooperativa de Pescadores Farall\u00f3n-El Llano. Adem\u00e1s, otras 250 dependen indirectamente del lugar.<\/p>\n\n\n\n<p>\u201cHay ocho o diez comunidades que dependen de la laguna. Queremos que volteen a vernos, que nos den una ayudadita, que ya Dios puso lo que ten\u00eda que poner y de parte de las autoridades los vuelvo a exhortar para que nos ayuden\u201d.<\/p>\n\n\n\n<p>En un comunicado oficial, la Comisi\u00f3n de Agua del Estado de Veracruz (CAEV) indic\u00f3 que llevar\u00e1 a cabo dos acciones para el rescate de la laguna: una campa\u00f1a de reforestaci\u00f3n y el desazolve.<\/p>\n\n\n\n<p>Sin embargo, los pescadores a\u00fan desconocen la fecha para el inicio de dichos trabajos en el cuerpo de agua.<\/p>\n","protected":false},"excerpt":{"rendered":"<p>Juan Arcos Actopan, Ver.- La laguna El Farall\u00f3n, municipio de Actopan, comenz\u00f3 a recuperarse, pese a que hace unos meses se hab\u00eda secado casi en su totalidad por la temporada de estiaje, la extracci\u00f3n ilegal de agua y los proyectos de miner\u00eda a cielo abierto en la zona. El agua abarca unas 40 de las [&hellip;]<\/p>\n","protected":false},"author":1,"featured_media":15470,"comment_status":"open","ping_status":"open","sticky":false,"template":"","format":"standard","meta":{"_jetpack_memberships_contains_paid_content":false,"footnotes":""},"categories":[8],"tags":[],"class_list":["post-15469","post","type-post","status-publish","format-standard","has-post-thumbnail","hentry","category-region"],"jetpack_featured_media_url":"https:\/\/encuentroinformativo.com.mx\/wp-content\/uploads\/2021\/06\/4F8EF40D-2EE1-489C-8C28-3ED6939A89F9.jpeg","jetpack_sharing_enabled":true,"jetpack_likes_enabled":true,"amp_enabled":true,"_links":{"self":[{"href":"https:\/\/encuentroinformativo.com.mx\/index.php?rest_route=\/wp\/v2\/posts\/15469","targetHints":{"allow":["GET"]}}],"collection":[{"href":"https:\/\/encuentroinformativo.com.mx\/index.php?rest_route=\/wp\/v2\/posts"}],"about":[{"href":"https:\/\/encuentroinformativo.com.mx\/index.php?rest_route=\/wp\/v2\/types\/post"}],"author":[{"embeddable":true,"href":"https:\/\/encuentroinformativo.com.mx\/index.php?rest_route=\/wp\/v2\/users\/1"}],"replies":[{"embeddable":true,"href":"https:\/\/encuentroinformativo.com.mx\/index.php?rest_route=%2Fwp%2Fv2%2Fcomments&post=15469"}],"version-history":[{"count":1,"href":"https:\/\/encuentroinformativo.com.mx\/index.php?rest_route=\/wp\/v2\/posts\/15469\/revisions"}],"predecessor-version":[{"id":15471,"href":"https:\/\/encuentroinformativo.com.mx\/index.php?rest_route=\/wp\/v2\/posts\/15469\/revisions\/15471"}],"wp:featuredmedia":[{"embeddable":true,"href":"https:\/\/encuentroinformativo.com.mx\/index.php?rest_route=\/wp\/v2\/media\/15470"}],"wp:attachment":[{"href":"https:\/\/encuentroinformativo.com.mx\/index.php?rest_route=%2Fwp%2Fv2%2Fmedia&parent=15469"}],"wp:term":[{"taxonomy":"category","embeddable":true,"href":"https:\/\/encuentroinformativo.com.mx\/index.php?rest_route=%2Fwp%2Fv2%2Fcategories&post=15469"},{"taxonomy":"post_tag","embeddable":true,"href":"https:\/\/encuentroinformativo.com.mx\/index.php?rest_route=%2Fwp%2Fv2%2Ftags&post=15469"}],"curies":[{"name":"wp","href":"https:\/\/api.w.org\/{rel}","templated":true}]}}