{"id":15478,"date":"2021-06-21T09:17:12","date_gmt":"2021-06-21T14:17:12","guid":{"rendered":"https:\/\/encuentroinformativo.com.mx\/?p=15478"},"modified":"2021-06-21T09:17:15","modified_gmt":"2021-06-21T14:17:15","slug":"dirigentes-eternos","status":"publish","type":"post","link":"https:\/\/encuentroinformativo.com.mx\/?p=15478","title":{"rendered":"Dirigentes eternos"},"content":{"rendered":"\n<p><strong>Los Pol\u00edticos<\/strong><\/p>\n\n\n\n<p><strong>Salvador Mu\u00f1oz<\/strong><\/p>\n\n\n\n<p>\u00bfQu\u00e9 ser\u00eda de Veracruz si no hubiera a cada rato elecciones? Y con eso de que parece que cada veracruzano que nace trae su postulaci\u00f3n como candidato a lo que sea bajo el brazo&#8230; Desde que nacemos, ya nos est\u00e1n candidateando: va a ser doctor, ingeniero, licenciado (que para nuestra raza de bronce implica ser abogado); ya sea porque el padre ejerce alguna de estas carreras o porque una acci\u00f3n nuestra nos predestina el oficio\u2026 como a m\u00ed, que un d\u00eda, siendo bebito, agarr\u00e9 un martillo y unos clavos \u00a1y sal\u00ed bueno para clavar!<\/p>\n\n\n\n<p>Ya, en serio\u2026 les dec\u00eda que en Veracruz parece que nunca terminan las elecciones\u2026 por ejemplo, en breve, estar\u00e1 la renovaci\u00f3n de la Rector\u00eda de la Universidad Veracruzana\u2026 o ya saben que el amigo de Altotonga, miembro de Banda Rams, Carlos Dar\u00edo Arcos Oma\u00f1a se postula para ser secretario general de la Secci\u00f3n 108 del Sindicato de M\u00fasicos que abarca a Xalapa y municipios circunvecinos.<\/p>\n\n\n\n<p>Esto, por poner un ejemplo\u2026 En cuanto a partidos pol\u00edticos, hay algunos en puerta que igual, han de ponerse en manos de sus militantes ya sea para renovar la confianza depositada o bien, para dar por finalizado el contrato.<\/p>\n\n\n\n<p>El primero de ellos, es el PAN, con Joaqu\u00edn Guzm\u00e1n Avil\u00e9s al frente, a quien muchos ya zopilotean de a feo poniendo como pretexto la derrota que se mide en curules locales y los votos obtenidos de los que ac\u00e1, ya hemos dado cuenta. La pregunta es: \u00bfBuscar\u00e1 la reelecci\u00f3n o pretender\u00e1 impulsar un alfil?<\/p>\n\n\n\n<p>El segundo partido es Morena, quien tiene a un encargado al frente con Esteban Ram\u00edrez Zepeta, quien en el proceso de evaluaci\u00f3n se pudiera decir \u201c\u00a1Prueba superada!\u201d con los triunfos obtenidos en alcald\u00edas y por supuesto, curules locales, lo que le da pase autom\u00e1tico para que le den la designaci\u00f3n formal de la dirigencia.<\/p>\n\n\n\n<p>Otro partido que tiene en Sergio Gil Rull\u00e1n a un encargado (que tambi\u00e9n entreg\u00f3 buenas cuentas) es Movimiento Ciudadano cuya bancada ser\u00e1 factor determinante en el Congreso local. Es posible que al igual que con Esteban Ram\u00edrez, MC siga d\u00e1ndole un voto de confianza para que se mantenga al frente en el periodo que le compete como dirigente formal, hecho y derecho.<\/p>\n\n\n\n<p>Por ah\u00ed en una de \u00e9sas, el Partido Verde Ecologista opte por la renovaci\u00f3n, pero si atendemos la misma tesis de que al dirigente ganador se le concede la gracia de repetir, podemos tener Marcelo Ruiz S\u00e1nchez para otro ratote m\u00e1s\u2026 habr\u00e1 que ver, se insiste, en el papel que les toque desempe\u00f1ar a Beto Silva y Rom\u00e1n Bastida Huesca.<\/p>\n\n\n\n<p>El asunto en algunas dirigencias es que su mandato tendr\u00eda que concluir en el 2023, como la de Movimiento Ciudadano, la del PRI, creo que la del PRD, \u00bfpero qu\u00e9 creen? tendr\u00edan encima el siguiente proceso electoral para la sucesi\u00f3n de gobiernos, tanto estatal, federal, as\u00ed como Senado, C\u00e1mara Baja y Congresos locales del 2024.<\/p>\n\n\n\n<p>La l\u00f3gica parece simple: dejarles un a\u00f1o de gracia para que, encarrerados, concluyan el armado de los candidatos, estrategias, amarres propios del 2024\u2026 pero les dec\u00eda al principio: \u00bfQu\u00e9 ser\u00eda de Veracruz si no hubiera a cada rato elecciones? \u00bfY qu\u00e9 creen? En el 2025, renovamos presidentes municipales\u2026 \u00bfhablamos entonces de la prolongaci\u00f3n de las dirigencias partidistas un a\u00f1o m\u00e1s? Insisto: \u00bfQu\u00e9 ser\u00eda de Veracruz si no hubiera a cada rato elecciones?<\/p>\n\n\n\n<p>Le toma la palabra a AMLO<\/p>\n\n\n\n<p>Cuando el director del Centro SCT Veracruz, Ram\u00f3n \u00c1lvarez Font\u00e1n, afirma que el bacheo y mantenimiento de conservaci\u00f3n no es suficiente para dejar en buenas condiciones el tramo que va de la carretera Vega de Alatorre-El Diamante-Nautla y San Rafael, asume el compromiso del Presidente Andr\u00e9s Manuel L\u00f3pez de que las v\u00edas de comunicaci\u00f3n en Veracruz tienen car\u00e1cter prioritario, con la finalidad de promover el desarrollo econ\u00f3mico de la entidad, as\u00ed que vayamos imaginando c\u00f3mo va a dejar ese entronque de la autopista Totomoxtle.<\/p>\n\n\n\n<p>Las carreteras, sean federales o estatales, son un tema que de por s\u00ed ponen los pelos de punta al usuario cuando se encuentra con un bache o cientos de ellos. Hace dos a\u00f1os aproximadamente, fui a Mart\u00ednez de la Torre. Las condiciones en que se encontraba la carretera en ese 2019, eran incre\u00edbles. El conductor, un gran amigo, parec\u00eda que conoc\u00eda con exactitud d\u00f3nde estaba cada bache. Y si bien, por all\u00ed nos encontramos una brigada haciendo trabajos de reparaci\u00f3n, a veces es insuficiente, como bien lo dijo \u00c1lvarez Font\u00e1n. La labor en las venas de la entidad requieren algo m\u00e1s que bacheo y mantenimiento. Empezar por aceptarlo es un paso\u2026 esperamos ver pronto el siguiente paso de la SCT y del Gobierno federal en este asunto atr\u00e1s de un volante.<br><\/p>\n\n\n\n<p><a href=\"mailto:smcainito@gmail.com\" target=\"_blank\" rel=\"noreferrer noopener\">smcainito@gmail.com<\/a><\/p>\n","protected":false},"excerpt":{"rendered":"<p>Los Pol\u00edticos Salvador Mu\u00f1oz \u00bfQu\u00e9 ser\u00eda de Veracruz si no hubiera a cada rato elecciones? Y con eso de que parece que cada veracruzano que nace trae su postulaci\u00f3n como candidato a lo que sea bajo el brazo&#8230; Desde que nacemos, ya nos est\u00e1n candidateando: va a ser doctor, ingeniero, licenciado (que para nuestra raza [&hellip;]<\/p>\n","protected":false},"author":1,"featured_media":70,"comment_status":"open","ping_status":"open","sticky":false,"template":"","format":"standard","meta":{"_jetpack_memberships_contains_paid_content":false,"footnotes":""},"categories":[11],"tags":[],"class_list":["post-15478","post","type-post","status-publish","format-standard","has-post-thumbnail","hentry","category-opinion"],"jetpack_featured_media_url":"https:\/\/encuentroinformativo.com.mx\/wp-content\/uploads\/2020\/02\/opinion-invitado.jpg","jetpack_sharing_enabled":true,"jetpack_likes_enabled":true,"amp_enabled":true,"_links":{"self":[{"href":"https:\/\/encuentroinformativo.com.mx\/index.php?rest_route=\/wp\/v2\/posts\/15478","targetHints":{"allow":["GET"]}}],"collection":[{"href":"https:\/\/encuentroinformativo.com.mx\/index.php?rest_route=\/wp\/v2\/posts"}],"about":[{"href":"https:\/\/encuentroinformativo.com.mx\/index.php?rest_route=\/wp\/v2\/types\/post"}],"author":[{"embeddable":true,"href":"https:\/\/encuentroinformativo.com.mx\/index.php?rest_route=\/wp\/v2\/users\/1"}],"replies":[{"embeddable":true,"href":"https:\/\/encuentroinformativo.com.mx\/index.php?rest_route=%2Fwp%2Fv2%2Fcomments&post=15478"}],"version-history":[{"count":1,"href":"https:\/\/encuentroinformativo.com.mx\/index.php?rest_route=\/wp\/v2\/posts\/15478\/revisions"}],"predecessor-version":[{"id":15479,"href":"https:\/\/encuentroinformativo.com.mx\/index.php?rest_route=\/wp\/v2\/posts\/15478\/revisions\/15479"}],"wp:featuredmedia":[{"embeddable":true,"href":"https:\/\/encuentroinformativo.com.mx\/index.php?rest_route=\/wp\/v2\/media\/70"}],"wp:attachment":[{"href":"https:\/\/encuentroinformativo.com.mx\/index.php?rest_route=%2Fwp%2Fv2%2Fmedia&parent=15478"}],"wp:term":[{"taxonomy":"category","embeddable":true,"href":"https:\/\/encuentroinformativo.com.mx\/index.php?rest_route=%2Fwp%2Fv2%2Fcategories&post=15478"},{"taxonomy":"post_tag","embeddable":true,"href":"https:\/\/encuentroinformativo.com.mx\/index.php?rest_route=%2Fwp%2Fv2%2Ftags&post=15478"}],"curies":[{"name":"wp","href":"https:\/\/api.w.org\/{rel}","templated":true}]}}