{"id":15480,"date":"2021-06-21T09:28:43","date_gmt":"2021-06-21T14:28:43","guid":{"rendered":"https:\/\/encuentroinformativo.com.mx\/?p=15480"},"modified":"2021-06-21T09:28:48","modified_gmt":"2021-06-21T14:28:48","slug":"los-peje-fans-de-martinez-de-la-torre","status":"publish","type":"post","link":"https:\/\/encuentroinformativo.com.mx\/?p=15480","title":{"rendered":"LOS PEJE-FANS DE MART\u00cdNEZ DE LA TORRE"},"content":{"rendered":"\n<p><strong>@pablojair<\/strong><\/p>\n\n\n\n<ul class=\"wp-block-list\"><li>A los polis en Carranza les dio &#8220;amsied\u00e1&#8221;.<\/li><li>&#8220;Reporteros&#8221; secuestradores en Poza Rica.<\/li><li>Le dan honoris causa al secre de Educaci\u00f3n.<\/li><\/ul>\n\n\n\n<p>Reapareci\u00f3 Cascarita en foto; m\u00e1s acabado, por cierto.<br>&#8211;Chopenjawer<\/p>\n\n\n\n<p>Lo que en un principio parec\u00eda que iba a ser un evento oficial que se iba a salir de control, curiosamente termin\u00f3 casi en mitin pol\u00edtico de esos que le gustan a AMLO.<\/p>\n\n\n\n<p>Y es que desde que inici\u00f3 la pandemia, los eventos del presidente Andr\u00e9s Manuel L\u00f3pez Obrador han sido muy discretos y con poca gente, por aquello de la sana distancia.<\/p>\n\n\n\n<p>En la \u00faltima visita del pasado viernes, AMLO encabez\u00f3 un evento en Paso Largo, comunidad entre los municipios de San Rafael y Mart\u00ednez de la Torre &#8211;norte de la entidad&#8211; donde se ubica un punto que falta por construir para terminar el tramo Laguna Verde-Guti\u00e9rrez Zamora de la autopista Cardel-Poza Rica.<\/p>\n\n\n\n<p>Conflicto que ya qued\u00f3 resuelto, por cierto.<\/p>\n\n\n\n<p>Hubo quienes no se aguantaron las ganas de aprovechar la visita presidencial para llevar porras para el presidente y para el ego propio, como fue el caso del alcalde de San Rafael, Luis Daniel Lagunes Mar\u00edn. Otro que alborot\u00f3 a la banda fue el diputado local Henri Christophe G\u00f3mez S\u00e1nchez, quien horas antes &#8211;v\u00eda redes sociales&#8211; confirm\u00f3 dicho evento.<\/p>\n\n\n\n<p>Por lo anterior, ya desde temprano hab\u00eda mucha gente esperando al mandatario; lugar que parec\u00eda una log\u00edstica de pesadilla, pues el presidente estaba literalmente rodeado de gente y no hab\u00eda una ruta de escape por carretera en caso de emergencia, suponiendo que quiz\u00e1s existiera un helic\u00f3ptero preparado para aterrizar en la parte de atr\u00e1s para cualquier situaci\u00f3n inesperada.<\/p>\n\n\n\n<p>Llegaron de todas partes: hasta de Colipa (municipio enclavado en la sierra de Misantla); o gente que se fue a manifestar por las elecciones o para denunciar actos de corrupci\u00f3n; tambi\u00e9n llegaron jubilados del IMSS, entre otros.<\/p>\n\n\n\n<p>Los m\u00e1s curiosos fueron los casos de una pareja que ped\u00eda en una mampara tomarse una foto con el presidente y el caso de una chava que quer\u00eda un aut\u00f3grafo del mandatario en una alcanc\u00eda hecha con la figura del amlito. Ambos se fueron con su foto y firma.<\/p>\n\n\n\n<p>El evento estaba marcado para iniciar a las 12.30 del d\u00eda, pero se estaba retrasando y cada vez se ve\u00eda m\u00e1s gente llegando al punto, especialmente en el acceso principal a donde llegaron funcionarios federales y estatales para tratar de calmar los \u00e1nimos.<\/p>\n\n\n\n<p>Pero la gente quer\u00eda ver al Presidente y nada ni nadie los iba a mover de ah\u00ed.<\/p>\n\n\n\n<p>Y aunque ya no existe el Estado Mayor Presidencial, s\u00ed se vieron muchos &#8220;guachos&#8221; vestidos de civil apoyando con la log\u00edstica del evento, conteniendo con vallas el paso de la gente. Otros que se tuvieron que fletar fueron los de la Ayudant\u00eda y los servidores de la naci\u00f3n. El problema es que f\u00e1cilmente fueron rebasados en n\u00famero por todos los que llegaron a querer ver al Peje.<\/p>\n\n\n\n<p>El presidente lleg\u00f3 pasada la una y media de la tarde por el acceso principal (hab\u00eda un rumor de que llegar\u00eda por la parte de atr\u00e1s del escenario, aunque ah\u00ed tambi\u00e9n hab\u00eda gente esper\u00e1ndolo) y se arm\u00f3 lo que se esperaba: la gente no lo dejaba pasar y al abrirse las vallas para que entrara la Suburban del a\u00f1o, la multitud se col\u00f3 a empujones y venci\u00f3 la resistencia de los que imped\u00edan el paso.<\/p>\n\n\n\n<p>Finalmente tuvieron que dejarlos pasar y algunos hasta corrieron hasta el siguiente filtro para adelantarse al veh\u00edculo del presidente y volver a empujar las vallas. Donde ya fueron contenidos fue en el tercer y \u00faltimo filtro, que era la entrada al presidium.<\/p>\n\n\n\n<p>Debe decirse que al principio se ve\u00eda a un AMLO medio modorro, como si viniese durmiendo o de plano no durmi\u00f3 bien.<\/p>\n\n\n\n<p>Mientras transcurr\u00eda el evento hab\u00eda una tensa calma porque hab\u00eda intentos de algunas personas por brincarse la \u00faltima valla y acercarse al presidente.<\/p>\n\n\n\n<p>La tensi\u00f3n comenz\u00f3 a desvanecerse porque en pleno evento empezaron los gritos\u2026 de apoyo a AMLO.<\/p>\n\n\n\n<p>S\u00ed, m\u00e1s que protestas, eran fans\u2026 Y haga de cuenta que hab\u00edan ido a ver a un rockstar.<\/p>\n\n\n\n<p>De hecho, cuando le toc\u00f3 al presidente pasar al micr\u00f3fono, haga de cuenta que nom\u00e1s le falt\u00f3 echarse un grito a lo Freddie Mercury de esos de &#8220;\u00a1Eeeeeeoooooooooo!&#8221;, porque el vato se prendi\u00f3 como si estuviese en campa\u00f1a, se avent\u00f3 una arenga muy a lo AMLO y la banda le respondi\u00f3.<\/p>\n\n\n\n<p>Ya al final incluso se acerc\u00f3 a saludar a la gente que clamaba a gritos su presencia.<\/p>\n\n\n\n<p>Uno se preguntaba c\u00f3mo iba a salir el presidente en lo que era casi un sitio cercado, pero el m\u00e9todo fue sencillo: se subi\u00f3 a la camioneta y desde ah\u00ed recibi\u00f3 notas, carpetas, se tom\u00f3 fotos, etc. Sali\u00f3 como si nada, al menos no tan aparatosamente como entr\u00f3.<\/p>\n\n\n\n<p>Por cierto, al convoy presidencial se le vio otra vez circular por la carretera federal rumbo a Cardel. Ah\u00ed L\u00f3pez Obrador, sin duda, se percat\u00f3 del mal estado de dicho camino, ampliamente transitado por veh\u00edculos pesados y de otros tipo.<\/p>\n\n\n\n<p>Por eso es importante que se termine ese tramo de autopista, aunque hay quienes dicen que esto podr\u00eda afectar al sector comercio toda vez que no pasa por los pueblitos a orilla de carretera; algo como lo que ocurri\u00f3 con Rinconada, la capital de la garnacha, que perdi\u00f3 mucha clientela cuando se hizo el libramiento para conectar directo Veracruz con Xalapa.<\/p>\n\n\n\n<p>Parece mentira, pero AMLO se fue victorioso de la entidad (aunque parec\u00eda que iba a haber hasta enfrentamientos) y demostr\u00f3 que es un fen\u00f3meno en tierras jarochas.<\/p>\n\n\n\n<p>Lo dicho: Veracruz es el basti\u00f3n m\u00e1s fuerte que tiene.<\/p>\n\n\n\n<p><strong>NOTA PARA PEGAR EN EL REFRI: <\/strong>Los polis estatales que fueron a Jes\u00fas Carranza recuerdan al meme del perrito fortach\u00f3n y el perrito con &#8220;amsiedad&#8221;\u2026 Antes, esa zona se pacificaba porque se pacificaba, porque se mostraba el m\u00fasculo y poder de SSP; llegaba el mando y todos quietos, nadie hac\u00eda olas; el delegado no llegaba a negociar: llegaba a ordenar a los l\u00edderes de la zona que nadie se pasara de lanza\u2026 Hoy resulta que hubo hasta polic\u00edas heridos, con ansiedad, y fueron rebasados en n\u00famero en pocos minutos para recibir una madriza nivel sure\u00f1o\u2026 \u00bfNeta nadie contempl\u00f3 el escenario anterior? \u00bfNo hab\u00eda log\u00edstica? \u00bfSiquiera el secre Licha Villareal conoce la historia reciente de Jes\u00fas Carranza y lo que se mueve por ah\u00ed?\u2026 Y es que a estas alturas ya deber\u00edan haberse cerrado el tema electoral con buenas noticias, pero resulta que nadie detiene los conflictos postelectorales y hasta elementos policiacos salen heridos\u2026 Pa&#8217; vatos.<\/p>\n\n\n\n<p><strong>OTRA NOTA: <\/strong>Dicen que de todo hay en la vi\u00f1a del se\u00f1or, y as\u00ed como hay periodistas muy fregones, tambi\u00e9n hay escoria\u2026 Resulta que este viernes se dio a conocer que dos &#8220;reporteros&#8221; andaban cometiendo presunto secuestro en Poza Rica, donde fueron detenidos aparentemente el flagrancia al interior de un motel. Uno de ellos incluso es identificado como hermano de otro &#8220;reportero&#8221; que por la misma situaci\u00f3n est\u00e1 apresado y esperando sentencia\u2026 Pero si supiera: hay otros que le hacen al esp\u00eda y otros m\u00e1s como jefes de esp\u00edas contra sus propios compa\u00f1eros. Ya sabe, polic\u00eda china de petatiux y dos pesos.<\/p>\n\n\n\n<p><strong>LA \u00daLTIMA PORQUE ANDO DESVELADO: E<\/strong>ste lunes, en las instalaciones del Museo Kan\u00e1 (antes MIX o de Ciencia y Tecnolog\u00eda) le entregar\u00e1n un reconocimiento doctor honoris causa al secretario de Educaci\u00f3n de Veracruz, Zenyazen Escobar Garc\u00eda, por parte de la Honorable Academia Mundial de la Educaci\u00f3n. En la gesti\u00f3n del secretario se destaca el rescate de las lenguas originarias y la dignificaci\u00f3n de los espacios escolares, para que las ni\u00f1as, ni\u00f1os y j\u00f3venes no tengan que estudiar en condiciones adversas y sientan orgullo de sus escuelas, al contar con aulas dignas y decorosas.<\/p>\n","protected":false},"excerpt":{"rendered":"<p>@pablojair A los polis en Carranza les dio &#8220;amsied\u00e1&#8221;. &#8220;Reporteros&#8221; secuestradores en Poza Rica. Le dan honoris causa al secre de Educaci\u00f3n. Reapareci\u00f3 Cascarita en foto; m\u00e1s acabado, por cierto.&#8211;Chopenjawer Lo que en un principio parec\u00eda que iba a ser un evento oficial que se iba a salir de control, curiosamente termin\u00f3 casi en mitin [&hellip;]<\/p>\n","protected":false},"author":1,"featured_media":488,"comment_status":"open","ping_status":"open","sticky":false,"template":"","format":"standard","meta":{"_jetpack_memberships_contains_paid_content":false,"footnotes":""},"categories":[11],"tags":[],"class_list":["post-15480","post","type-post","status-publish","format-standard","has-post-thumbnail","hentry","category-opinion"],"jetpack_featured_media_url":"https:\/\/encuentroinformativo.com.mx\/wp-content\/uploads\/2020\/03\/F471F608-BA1A-416B-BA7B-BCFB24F4E6D0.jpeg","jetpack_sharing_enabled":true,"jetpack_likes_enabled":true,"amp_enabled":true,"_links":{"self":[{"href":"https:\/\/encuentroinformativo.com.mx\/index.php?rest_route=\/wp\/v2\/posts\/15480","targetHints":{"allow":["GET"]}}],"collection":[{"href":"https:\/\/encuentroinformativo.com.mx\/index.php?rest_route=\/wp\/v2\/posts"}],"about":[{"href":"https:\/\/encuentroinformativo.com.mx\/index.php?rest_route=\/wp\/v2\/types\/post"}],"author":[{"embeddable":true,"href":"https:\/\/encuentroinformativo.com.mx\/index.php?rest_route=\/wp\/v2\/users\/1"}],"replies":[{"embeddable":true,"href":"https:\/\/encuentroinformativo.com.mx\/index.php?rest_route=%2Fwp%2Fv2%2Fcomments&post=15480"}],"version-history":[{"count":1,"href":"https:\/\/encuentroinformativo.com.mx\/index.php?rest_route=\/wp\/v2\/posts\/15480\/revisions"}],"predecessor-version":[{"id":15481,"href":"https:\/\/encuentroinformativo.com.mx\/index.php?rest_route=\/wp\/v2\/posts\/15480\/revisions\/15481"}],"wp:featuredmedia":[{"embeddable":true,"href":"https:\/\/encuentroinformativo.com.mx\/index.php?rest_route=\/wp\/v2\/media\/488"}],"wp:attachment":[{"href":"https:\/\/encuentroinformativo.com.mx\/index.php?rest_route=%2Fwp%2Fv2%2Fmedia&parent=15480"}],"wp:term":[{"taxonomy":"category","embeddable":true,"href":"https:\/\/encuentroinformativo.com.mx\/index.php?rest_route=%2Fwp%2Fv2%2Fcategories&post=15480"},{"taxonomy":"post_tag","embeddable":true,"href":"https:\/\/encuentroinformativo.com.mx\/index.php?rest_route=%2Fwp%2Fv2%2Ftags&post=15480"}],"curies":[{"name":"wp","href":"https:\/\/api.w.org\/{rel}","templated":true}]}}