{"id":15485,"date":"2021-06-21T11:13:00","date_gmt":"2021-06-21T16:13:00","guid":{"rendered":"https:\/\/encuentroinformativo.com.mx\/?p=15485"},"modified":"2021-06-21T11:13:04","modified_gmt":"2021-06-21T16:13:04","slug":"cambian-a-titular-de-sedarpa-en-veracruz","status":"publish","type":"post","link":"https:\/\/encuentroinformativo.com.mx\/?p=15485","title":{"rendered":"Cambian a titular de Sedarpa en Veracruz"},"content":{"rendered":"\n<p><strong>Dar\u00edo Pale<\/strong><\/p>\n\n\n\n<p>Xalapa, Ver.- El gobernador del estado Cuitl\u00e1huac Garc\u00eda Jim\u00e9nez dio a conocer que el titular de la Secretaria de de Desarrollo Agropecuario, Rural y Pesca (SEDARPA) Eduardo Cadena Cer\u00f3n y llega en su lugar Evaristo Ovando Ram\u00edrez.<\/p>\n\n\n\n<p>En su tradicional conferencia de prensa realizada en la sala de Banderas de palacio de gobierno, se\u00f1al\u00f3 que el agr\u00f3nomo, Evaristo Ovando Ram\u00edrez, a partir de \u00e9ste lunes estar\u00e1 al frente de la dependencia, el cambio traer\u00e1 proyectos positivos para el desarrollo agrupecuario y de pesca en la entidad.<\/p>\n\n\n\n<p>Dijo que Eduardo Cadena \u201cdeja la vara muy alta\u201d dentro de la Sedarpa, aunque agreg\u00f3, no duda que Evaristo va a realizar proyectos propios e imprimir\u00e1 su propio perfil, el cual dijo, est\u00e1 muy apegado a la cuarta transformaci\u00f3n.<\/p>\n\n\n\n<p>&#8220;Evaristo Ovando cuenta con un doctorado en Ciencias Pol\u00edticas y Administraci\u00f3n P\u00fablica por el Colegio de Veracruz, con Maestr\u00eda en Desarrollo Regional por el Colegio de la Frontera Norte e Ingeniero Agr\u00f3nomo especialista en Econom\u00eda Agr\u00edcola por la Universidad Aut\u00f3noma de Chapingo. En el Instituto Tecnol\u00f3gico y de Estudios Superiores de Monterrey (ITESM) curs\u00f3 una Especialidad en Alta Administraci\u00f3n Gubernamental, as\u00ed como los Diplomados en Alta Direcci\u00f3n Gubernamental, Los desaf\u00edos del nuevo milenio y El servidor p\u00fablico frente a los nuevos retos&#8221;, se\u00f1al\u00f3.<\/p>\n\n\n\n<p>Ha sido profesor en el Colegio de Veracruz, en la Escuela Libre de Ciencias Pol\u00edticas y Administraci\u00f3n P\u00fablica de Oriente, en el Instituto Universitario Puebla y en la Facultad de Agronom\u00eda de la Universidad Veracruzana. Se ha desempe\u00f1ado como Consultor en Pol\u00edticas P\u00fablicas, combate a la pobreza y seguridad alimentaria en la Organizaci\u00f3n de las Naciones Unidas para la Alimentaci\u00f3n y la Agricultura. Ocup\u00f3 diversos cargos p\u00fablicos en Gobierno Federal y Estatal, en dise\u00f1o, planeaci\u00f3n, operaci\u00f3n, supervisi\u00f3n y evaluaci\u00f3n de Pol\u00edticas P\u00fablicas.<\/p>\n","protected":false},"excerpt":{"rendered":"<p>Dar\u00edo Pale Xalapa, Ver.- El gobernador del estado Cuitl\u00e1huac Garc\u00eda Jim\u00e9nez dio a conocer que el titular de la Secretaria de de Desarrollo Agropecuario, Rural y Pesca (SEDARPA) Eduardo Cadena Cer\u00f3n y llega en su lugar Evaristo Ovando Ram\u00edrez. En su tradicional conferencia de prensa realizada en la sala de Banderas de palacio de gobierno, [&hellip;]<\/p>\n","protected":false},"author":1,"featured_media":15486,"comment_status":"open","ping_status":"open","sticky":false,"template":"","format":"standard","meta":{"_jetpack_memberships_contains_paid_content":false,"footnotes":""},"categories":[2],"tags":[],"class_list":["post-15485","post","type-post","status-publish","format-standard","has-post-thumbnail","hentry","category-estado"],"jetpack_featured_media_url":"https:\/\/encuentroinformativo.com.mx\/wp-content\/uploads\/2021\/06\/6EC81A1D-D997-4A5C-98A4-529F75B2B65F.jpeg","jetpack_sharing_enabled":true,"jetpack_likes_enabled":true,"amp_enabled":true,"_links":{"self":[{"href":"https:\/\/encuentroinformativo.com.mx\/index.php?rest_route=\/wp\/v2\/posts\/15485","targetHints":{"allow":["GET"]}}],"collection":[{"href":"https:\/\/encuentroinformativo.com.mx\/index.php?rest_route=\/wp\/v2\/posts"}],"about":[{"href":"https:\/\/encuentroinformativo.com.mx\/index.php?rest_route=\/wp\/v2\/types\/post"}],"author":[{"embeddable":true,"href":"https:\/\/encuentroinformativo.com.mx\/index.php?rest_route=\/wp\/v2\/users\/1"}],"replies":[{"embeddable":true,"href":"https:\/\/encuentroinformativo.com.mx\/index.php?rest_route=%2Fwp%2Fv2%2Fcomments&post=15485"}],"version-history":[{"count":1,"href":"https:\/\/encuentroinformativo.com.mx\/index.php?rest_route=\/wp\/v2\/posts\/15485\/revisions"}],"predecessor-version":[{"id":15487,"href":"https:\/\/encuentroinformativo.com.mx\/index.php?rest_route=\/wp\/v2\/posts\/15485\/revisions\/15487"}],"wp:featuredmedia":[{"embeddable":true,"href":"https:\/\/encuentroinformativo.com.mx\/index.php?rest_route=\/wp\/v2\/media\/15486"}],"wp:attachment":[{"href":"https:\/\/encuentroinformativo.com.mx\/index.php?rest_route=%2Fwp%2Fv2%2Fmedia&parent=15485"}],"wp:term":[{"taxonomy":"category","embeddable":true,"href":"https:\/\/encuentroinformativo.com.mx\/index.php?rest_route=%2Fwp%2Fv2%2Fcategories&post=15485"},{"taxonomy":"post_tag","embeddable":true,"href":"https:\/\/encuentroinformativo.com.mx\/index.php?rest_route=%2Fwp%2Fv2%2Ftags&post=15485"}],"curies":[{"name":"wp","href":"https:\/\/api.w.org\/{rel}","templated":true}]}}