{"id":15488,"date":"2021-06-21T11:24:04","date_gmt":"2021-06-21T16:24:04","guid":{"rendered":"https:\/\/encuentroinformativo.com.mx\/?p=15488"},"modified":"2021-06-21T11:24:07","modified_gmt":"2021-06-21T16:24:07","slug":"inician-campana-para-rescatar-cangrejo-azul","status":"publish","type":"post","link":"https:\/\/encuentroinformativo.com.mx\/?p=15488","title":{"rendered":"Inician campa\u00f1a para rescatar cangrejo azul"},"content":{"rendered":"\n<p><strong>Alejandro \u00c1vila<\/strong><\/p>\n\n\n\n<p>Veracruz, Ver. \u2013 A partir del mi\u00e9rcoles 23 de junio y hasta finales de septiembre, se colocar\u00e1n en la Riviera Veracruzana dos m\u00f3dulos de rescate del cangrejo azul, especie en peligro de extinci\u00f3n y afectada por la creciente mancha urbana en el municipio de Alvarado.<\/p>\n\n\n\n<p>El Comit\u00e9 de Vigilancia Earth Mission y la Asociaci\u00f3n Civil \u201cSomos M\u00e1s Unidos\u201d se unieron en este proyecto de rescate del cangrejo azul, por lo que colocar\u00e1n un m\u00f3dulo en el Superama y otro en Farmacias Guadalajara del bulevar Riviera Veracruzana, antigua carretera Boca del R\u00edo \u2013 Ant\u00f3n Lizardo; pues es donde mayor n\u00famero de espec\u00edmenes transitan durante esta \u00e9poca para completar su ciclo reproductivo.<\/p>\n\n\n\n<p>Sergio Gonz\u00e1lez, presidente de Earth Mission Veracruz, inst\u00f3 a la ciudadan\u00eda a unirse a este rescate; pues resalt\u00f3 que el desplazamiento de esta especie ha sido grande en la zona norte del municipio de Alvarado, donde m\u00e1s se avistan cangrejos azules, y donde m\u00e1s muertes se dan.<\/p>\n\n\n\n<p>\u201cPrincipalmente es la construcci\u00f3n de caminos y carreteras en zonas donde hay esta especie, este ecosistema, cortando la conectividad entre los humedales y el mar, el cual de estos ecosistemas depende el cangrejo azul para poder reproducirse y sobrevivir; en segundo lugar est\u00e1 el desplazamiento por el cambio de uso de suelo, la construcci\u00f3n de plazas, fraccionamientos, unidades habitacionales, lo cual le quita terreno, le quita h\u00e1bitat a la especie y a muchas otras m\u00e1s; y en tercer lugar est\u00e1 a caza furtiva, el abuso en la recolecci\u00f3n de esta especie\u201d, asest\u00f3.<\/p>\n\n\n\n<p>Cabe destacar que el ciclo reproductivo del cangrejo azul est\u00e1 relacionado con la luna llena, por lo que los d\u00edas que se colocar\u00e1n los m\u00f3dulos ser\u00e1, 23, 24 y 25 de junio; 22, 23 y 24 de julio; 21, 22 y 23 de agosto; 19, 20 y 21 de septiembre, en horario de 7 a 10 de la noche.<br>En 2020, este grupo de voluntarios logr\u00f3 rescatar a 15 mil cangrejos azules de morir aplastados en la carretera.<br>\u00a0<\/p>\n","protected":false},"excerpt":{"rendered":"<p>Alejandro \u00c1vila Veracruz, Ver. \u2013 A partir del mi\u00e9rcoles 23 de junio y hasta finales de septiembre, se colocar\u00e1n en la Riviera Veracruzana dos m\u00f3dulos de rescate del cangrejo azul, especie en peligro de extinci\u00f3n y afectada por la creciente mancha urbana en el municipio de Alvarado. El Comit\u00e9 de Vigilancia Earth Mission y la [&hellip;]<\/p>\n","protected":false},"author":1,"featured_media":15489,"comment_status":"open","ping_status":"open","sticky":false,"template":"","format":"standard","meta":{"_jetpack_memberships_contains_paid_content":false,"footnotes":""},"categories":[2],"tags":[],"class_list":["post-15488","post","type-post","status-publish","format-standard","has-post-thumbnail","hentry","category-estado"],"jetpack_featured_media_url":"https:\/\/encuentroinformativo.com.mx\/wp-content\/uploads\/2021\/06\/27CA10F6-2B80-423B-BAEF-C8DB0B8ABE0B.jpeg","jetpack_sharing_enabled":true,"jetpack_likes_enabled":true,"amp_enabled":true,"_links":{"self":[{"href":"https:\/\/encuentroinformativo.com.mx\/index.php?rest_route=\/wp\/v2\/posts\/15488","targetHints":{"allow":["GET"]}}],"collection":[{"href":"https:\/\/encuentroinformativo.com.mx\/index.php?rest_route=\/wp\/v2\/posts"}],"about":[{"href":"https:\/\/encuentroinformativo.com.mx\/index.php?rest_route=\/wp\/v2\/types\/post"}],"author":[{"embeddable":true,"href":"https:\/\/encuentroinformativo.com.mx\/index.php?rest_route=\/wp\/v2\/users\/1"}],"replies":[{"embeddable":true,"href":"https:\/\/encuentroinformativo.com.mx\/index.php?rest_route=%2Fwp%2Fv2%2Fcomments&post=15488"}],"version-history":[{"count":1,"href":"https:\/\/encuentroinformativo.com.mx\/index.php?rest_route=\/wp\/v2\/posts\/15488\/revisions"}],"predecessor-version":[{"id":15490,"href":"https:\/\/encuentroinformativo.com.mx\/index.php?rest_route=\/wp\/v2\/posts\/15488\/revisions\/15490"}],"wp:featuredmedia":[{"embeddable":true,"href":"https:\/\/encuentroinformativo.com.mx\/index.php?rest_route=\/wp\/v2\/media\/15489"}],"wp:attachment":[{"href":"https:\/\/encuentroinformativo.com.mx\/index.php?rest_route=%2Fwp%2Fv2%2Fmedia&parent=15488"}],"wp:term":[{"taxonomy":"category","embeddable":true,"href":"https:\/\/encuentroinformativo.com.mx\/index.php?rest_route=%2Fwp%2Fv2%2Fcategories&post=15488"},{"taxonomy":"post_tag","embeddable":true,"href":"https:\/\/encuentroinformativo.com.mx\/index.php?rest_route=%2Fwp%2Fv2%2Ftags&post=15488"}],"curies":[{"name":"wp","href":"https:\/\/api.w.org\/{rel}","templated":true}]}}