{"id":15497,"date":"2021-06-21T13:10:16","date_gmt":"2021-06-21T18:10:16","guid":{"rendered":"https:\/\/encuentroinformativo.com.mx\/?p=15497"},"modified":"2021-06-21T13:10:19","modified_gmt":"2021-06-21T18:10:19","slug":"aumento-en-casos-de-covid-por-campanas-politicas-cometur","status":"publish","type":"post","link":"https:\/\/encuentroinformativo.com.mx\/?p=15497","title":{"rendered":"Aumento en casos de COVID por campa\u00f1as pol\u00edticas: COMETUR"},"content":{"rendered":"\n<p><strong>Alejandro \u00c1vila<\/strong><\/p>\n\n\n\n<p>Veracruz, Ver.- El presidente del Consejo Metropolitano de Turismo, Sergio Lois Heredia, asegur\u00f3 que el incremento de contagios en el municipio de Veracruz no se debe al aumento de turismo en la zona, sino a las campa\u00f1as pol\u00edticas.<\/p>\n\n\n\n<p>El empresario expuso que en Semana Santa 2021, hubo un importante n\u00famero de visitantes, pero d\u00edas despu\u00e9s, es decir, todo el mes de mayo, no hubo incremento de casos de COVID; en cambio apunt\u00f3, estos se dieron en el mes de junio, d\u00eda despu\u00e9s de las campa\u00f1as pol\u00edticas.<\/p>\n\n\n\n<p>&#8220;En Semana Santa tuvimos una afluencia, si bien no como anteriores Semanas Santas, s\u00ed tuvimos una afluencia turistica mayor, y lo vimos las semanas posteriores a Semana Santa que fue el mes de mayo, no vimos un incremento en lo que fueron los contagios, los contagios se incrementaron despu\u00e9s de las campa\u00f1as, hay que se\u00f1alarlo. Entonces creo que s\u00ed va a ser importante que todos tengamos en la mente que, creo que el turismo aprendio a como se deben hacer las cosas&#8221;, resalt\u00f3.<\/p>\n\n\n\n<p>Lois Heredia, mencion\u00f3 que los prestadores de servicios y los turistas, aprendieron a realizar sus actividades conforme lo marcan los protocolos sanitarios, situaci\u00f3n que aparentemente no sucedio durante el mes de campa\u00f1as pol\u00edticas.<\/p>\n\n\n\n<p>&#8220;Esperemos que no tenga un impacto negativo, pero el hecho de existan estas declaratorias (semaforo rojo) pues s\u00ed es algo que muchas veces provoca miedo en viajar, las personas prefieren no viajar y eso golpea al turismo&#8221;, culmin\u00f3 Sergio Lois Heredia.<\/p>\n","protected":false},"excerpt":{"rendered":"<p>Alejandro \u00c1vila Veracruz, Ver.- El presidente del Consejo Metropolitano de Turismo, Sergio Lois Heredia, asegur\u00f3 que el incremento de contagios en el municipio de Veracruz no se debe al aumento de turismo en la zona, sino a las campa\u00f1as pol\u00edticas. El empresario expuso que en Semana Santa 2021, hubo un importante n\u00famero de visitantes, pero [&hellip;]<\/p>\n","protected":false},"author":1,"featured_media":15498,"comment_status":"open","ping_status":"open","sticky":false,"template":"","format":"standard","meta":{"_jetpack_memberships_contains_paid_content":false,"footnotes":""},"categories":[2],"tags":[],"class_list":["post-15497","post","type-post","status-publish","format-standard","has-post-thumbnail","hentry","category-estado"],"jetpack_featured_media_url":"https:\/\/encuentroinformativo.com.mx\/wp-content\/uploads\/2021\/06\/2E8538D8-CF48-480E-A699-7EFE2C0A2276.jpeg","jetpack_sharing_enabled":true,"jetpack_likes_enabled":true,"amp_enabled":true,"_links":{"self":[{"href":"https:\/\/encuentroinformativo.com.mx\/index.php?rest_route=\/wp\/v2\/posts\/15497","targetHints":{"allow":["GET"]}}],"collection":[{"href":"https:\/\/encuentroinformativo.com.mx\/index.php?rest_route=\/wp\/v2\/posts"}],"about":[{"href":"https:\/\/encuentroinformativo.com.mx\/index.php?rest_route=\/wp\/v2\/types\/post"}],"author":[{"embeddable":true,"href":"https:\/\/encuentroinformativo.com.mx\/index.php?rest_route=\/wp\/v2\/users\/1"}],"replies":[{"embeddable":true,"href":"https:\/\/encuentroinformativo.com.mx\/index.php?rest_route=%2Fwp%2Fv2%2Fcomments&post=15497"}],"version-history":[{"count":1,"href":"https:\/\/encuentroinformativo.com.mx\/index.php?rest_route=\/wp\/v2\/posts\/15497\/revisions"}],"predecessor-version":[{"id":15499,"href":"https:\/\/encuentroinformativo.com.mx\/index.php?rest_route=\/wp\/v2\/posts\/15497\/revisions\/15499"}],"wp:featuredmedia":[{"embeddable":true,"href":"https:\/\/encuentroinformativo.com.mx\/index.php?rest_route=\/wp\/v2\/media\/15498"}],"wp:attachment":[{"href":"https:\/\/encuentroinformativo.com.mx\/index.php?rest_route=%2Fwp%2Fv2%2Fmedia&parent=15497"}],"wp:term":[{"taxonomy":"category","embeddable":true,"href":"https:\/\/encuentroinformativo.com.mx\/index.php?rest_route=%2Fwp%2Fv2%2Fcategories&post=15497"},{"taxonomy":"post_tag","embeddable":true,"href":"https:\/\/encuentroinformativo.com.mx\/index.php?rest_route=%2Fwp%2Fv2%2Ftags&post=15497"}],"curies":[{"name":"wp","href":"https:\/\/api.w.org\/{rel}","templated":true}]}}