{"id":15500,"date":"2021-06-21T13:22:48","date_gmt":"2021-06-21T18:22:48","guid":{"rendered":"https:\/\/encuentroinformativo.com.mx\/?p=15500"},"modified":"2021-06-21T13:22:53","modified_gmt":"2021-06-21T18:22:53","slug":"acusa-gobernador-grupo-de-infiltrados-en-jesus-carranza","status":"publish","type":"post","link":"https:\/\/encuentroinformativo.com.mx\/?p=15500","title":{"rendered":"Acusa gobernador grupo de \u201cinfiltrados\u201d en Jes\u00fas Carranza"},"content":{"rendered":"\n<p><strong>Dar\u00edo Pale<\/strong><\/p>\n\n\n\n<p>Xalapa, Ver.- Acusa Gobernador del estado Cuitl\u00e1huac Garc\u00eda Jim\u00e9nez a Pasiano Rueda de provocar enfrentamiento en Jes\u00fas Carranza, ya que afirm\u00f3 que lleg\u00f3 un grupo de infiltrados y los vincula con el candidato Fredy Ayala, adem\u00e1s de que tambi\u00e9n hab\u00eda &#8220;malandros&#8221;, pero no de la delincuencia organizada.<\/p>\n\n\n\n<p>En su tradicional conferencia de prensa realizada en la sala de Banderas de Palacio de Gobierno, donde violando toda presunci\u00f3n de inocencia, el gobernador afirm\u00f3 que el enfrentamiento registrado este s\u00e1bado en el municipio de Jes\u00fas Carranza, fue ocasionado por un grupo de &#8220;infiltrados&#8221; del candidato del PT, Pasiano Rueda.<\/p>\n\n\n\n<p>Acus\u00f3 al candidato de haber incitado a la poblaci\u00f3n a recibir a pedradas a los elementos de seguridad que llevaban la instrucci\u00f3n de trasladar los paquetes electorales a Xalapa para hacer el c\u00f3mputo final.<\/p>\n\n\n\n<p>&#8220;Hubo provocadores y est\u00e1 clar\u00edsimo en los v\u00eddeos de que cuando los polic\u00edas se intentan acercar los agarran a las pedradas. Se va a investigar a fondo, porque tambi\u00e9n hubo gente del candidato Fredy Ayala (alcalde de Sayula de Alem\u00e1n), est\u00e1n los v\u00eddeos, las pruebas, \u00bfqu\u00e9 est\u00e1n haciendo ah\u00ed?&#8221;, coment\u00f3.<br>&#8220;Vamos a investigar por qu\u00e9 detr\u00e1s de ellos estaba un personaje de malandros, lo digo clar\u00edsimo, lo vamos a investigar porque infiltraron entre la poblaci\u00f3n a incitadores, fue para que la poblaci\u00f3n respondiera as\u00ed, pero no es cierto que fuera la poblaci\u00f3n, la gran mayor\u00eda estuvo tranquila&#8221;, agrego y pidi\u00f3 escuchar y ver el v\u00eddeo del candidato de su partido, Morena.<\/p>\n\n\n\n<p>Critic\u00f3 que no se haya atendido la petici\u00f3n de Morena para que no hubiera agresiones, aunque primero lo acus\u00f3, luego el Mandatario manifest\u00f3 que primero se debe investigar qui\u00e9n les pag\u00f3, si los contrat\u00f3 el candidato, si fueron de parte del grupo del &#8220;malandro&#8221; de la regi\u00f3n que, por cierto, reconoci\u00f3, lo tienen ubicado.<\/p>\n\n\n\n<p>Aunque aclar\u00f3 que no se trata de grupos integrantes de la delincuencia organizada, pero s\u00ed pudieran tener un lazo, toda vez que Jes\u00fas Carranza es un paso importante de &#8220;mercanc\u00eda&#8221; entre Oaxaca y Veracruz, as\u00ed como hac\u00eda Sayula de Alem\u00e1n.<\/p>\n\n\n\n<p>Por ello es que insisti\u00f3 en que podr\u00eda ser el motivo por el que gente de Fredy Ayala estuviera en Jes\u00fas Carranza.<\/p>\n\n\n\n<p>Garc\u00eda Jim\u00e9nez recalc\u00f3 que se debe investigar a fondo para poner orden no contra la poblaci\u00f3n, sino los candidatos, quienes tendr\u00e1n que aclarar qu\u00e9 sucedi\u00f3 porque su Gobierno ya tiene \u00a0pruebas.<\/p>\n\n\n\n<p>Finalmente reiter\u00f3 y dijo que lo electoral le corresponde al OPLE, &#8220;tendr\u00e1n que aclarar los candidatos porque nosotros ya tenemos las pruebas, entonces va a haber responsables, entonces se va a indagar esa provocaci\u00f3n de esos incitadores&#8221;.<\/p>\n","protected":false},"excerpt":{"rendered":"<p>Dar\u00edo Pale Xalapa, Ver.- Acusa Gobernador del estado Cuitl\u00e1huac Garc\u00eda Jim\u00e9nez a Pasiano Rueda de provocar enfrentamiento en Jes\u00fas Carranza, ya que afirm\u00f3 que lleg\u00f3 un grupo de infiltrados y los vincula con el candidato Fredy Ayala, adem\u00e1s de que tambi\u00e9n hab\u00eda &#8220;malandros&#8221;, pero no de la delincuencia organizada. En su tradicional conferencia de prensa [&hellip;]<\/p>\n","protected":false},"author":1,"featured_media":15501,"comment_status":"open","ping_status":"open","sticky":false,"template":"","format":"standard","meta":{"_jetpack_memberships_contains_paid_content":false,"footnotes":""},"categories":[2],"tags":[],"class_list":["post-15500","post","type-post","status-publish","format-standard","has-post-thumbnail","hentry","category-estado"],"jetpack_featured_media_url":"https:\/\/encuentroinformativo.com.mx\/wp-content\/uploads\/2021\/06\/1A4B9B58-E222-4DBC-A6AE-909C840A1AB4.jpeg","jetpack_sharing_enabled":true,"jetpack_likes_enabled":true,"amp_enabled":true,"_links":{"self":[{"href":"https:\/\/encuentroinformativo.com.mx\/index.php?rest_route=\/wp\/v2\/posts\/15500","targetHints":{"allow":["GET"]}}],"collection":[{"href":"https:\/\/encuentroinformativo.com.mx\/index.php?rest_route=\/wp\/v2\/posts"}],"about":[{"href":"https:\/\/encuentroinformativo.com.mx\/index.php?rest_route=\/wp\/v2\/types\/post"}],"author":[{"embeddable":true,"href":"https:\/\/encuentroinformativo.com.mx\/index.php?rest_route=\/wp\/v2\/users\/1"}],"replies":[{"embeddable":true,"href":"https:\/\/encuentroinformativo.com.mx\/index.php?rest_route=%2Fwp%2Fv2%2Fcomments&post=15500"}],"version-history":[{"count":1,"href":"https:\/\/encuentroinformativo.com.mx\/index.php?rest_route=\/wp\/v2\/posts\/15500\/revisions"}],"predecessor-version":[{"id":15502,"href":"https:\/\/encuentroinformativo.com.mx\/index.php?rest_route=\/wp\/v2\/posts\/15500\/revisions\/15502"}],"wp:featuredmedia":[{"embeddable":true,"href":"https:\/\/encuentroinformativo.com.mx\/index.php?rest_route=\/wp\/v2\/media\/15501"}],"wp:attachment":[{"href":"https:\/\/encuentroinformativo.com.mx\/index.php?rest_route=%2Fwp%2Fv2%2Fmedia&parent=15500"}],"wp:term":[{"taxonomy":"category","embeddable":true,"href":"https:\/\/encuentroinformativo.com.mx\/index.php?rest_route=%2Fwp%2Fv2%2Fcategories&post=15500"},{"taxonomy":"post_tag","embeddable":true,"href":"https:\/\/encuentroinformativo.com.mx\/index.php?rest_route=%2Fwp%2Fv2%2Ftags&post=15500"}],"curies":[{"name":"wp","href":"https:\/\/api.w.org\/{rel}","templated":true}]}}