{"id":15507,"date":"2021-06-21T13:53:08","date_gmt":"2021-06-21T18:53:08","guid":{"rendered":"https:\/\/encuentroinformativo.com.mx\/?p=15507"},"modified":"2021-06-21T13:53:12","modified_gmt":"2021-06-21T18:53:12","slug":"carece-xalapa-de-accesibilidad-para-personas-con-discapacidad","status":"publish","type":"post","link":"https:\/\/encuentroinformativo.com.mx\/?p=15507","title":{"rendered":"Carece Xalapa de accesibilidad para personas con discapacidad"},"content":{"rendered":"\n<p><strong>Dar\u00edo Pale <\/strong><\/p>\n\n\n\n<p>Xalapa, Ver.- La se\u00f1ora Alma Evelia Rodr\u00edguez Luna Directora Ejecutiva de la Asociaci\u00f3n de Estudiantes o Trabajadores Ciegos y D\u00e9biles Visuales del estado de Veracruz A.C., dio a conocer que en la capital del estado hace falta todo como por ejemplo que exista accesibilidad para estas personas en la movilidad y para la comunicaci\u00f3n con las dem\u00e1s personas.<\/p>\n\n\n\n<p>Entrevistada en la plaza Lerdo donde se sumaron a la campa\u00f1a &#8220;<em>Grafitti Tejido por la sordoceguera y discapacidad M\u00faltiple&#8221;,<\/em> con la finalidad de conmemorar el &#8220;D\u00eda mundial de las Personas con sordoceguera&#8221;, la campa\u00f1a consiste en tener cuadros y despu\u00e9s los unen para simbolizar &#8220;la uni\u00f3n de voluntades&#8221;, para visivilizar a la poblaci\u00f3n con ceguera y discapacidad m\u00faltiple.<\/p>\n\n\n\n<p>Se\u00f1al\u00f3 que al terminar la campa\u00f1a van a donar los lienzos a un asilo de ancianitos para que los puedan utilizar como cobertores en sus piernas, adem\u00e1s de que cubrieron un veh\u00edculo al igual que en diferentes partes del mundo est\u00e1n cubriendo alg\u00fan objeto o monumento de las ciudades participantes.<\/p>\n\n\n\n<p>Esto con la finalidad de concientizar a las personas sobre al sordoceguera y la discapacidad m\u00faltiple y sepan que existe ese tipo de poblaci\u00f3n y que pronto deben de ser atendidos en todos los espacios sociales y formar parte de la sociedad.<\/p>\n\n\n\n<p>Coment\u00f3 que en Veracruz est\u00e1n atendiendo por medio de la SEV en los centros de atenci\u00f3n m\u00faltiple y en otras instituciones, no obstante, lament\u00f3 que en la capital del estado haga falta de todo.<\/p>\n\n\n\n<p>&#8220;Que exista accesibilidad para ellos en la movilidad, al acceder a la informaci\u00f3n y en la comunicaci\u00f3n que tienen con el resto de la sociedad por qu\u00e9 algunos se comunican por se\u00f1as otros a trav\u00e9s del braille o de sus manos&#8221;, coment\u00f3.<\/p>\n\n\n\n<p>Coment\u00f3 que para las personas con sordoceguera tendr\u00e1n que hacerse otras adecuaciones ya que los sem\u00e1foros que existen en el centro para ciegos no funcionan para los sordos, \u00a0por qu\u00e9 lo importante es que tambi\u00e9n funcionando no haya mucho ruido al rededor y se puedan escuchar.<\/p>\n\n\n\n<p>Finalmente dio a conocer que el pr\u00f3ximo domingo har\u00e1n una caravana vehicular de la SEFIPLAN, pasar\u00e1n por el centro y terminar\u00e1n en el gimnasio universitario.<\/p>\n\n\n\n<figure class=\"wp-block-image size-large\"><img loading=\"lazy\" decoding=\"async\" width=\"1024\" height=\"768\" src=\"https:\/\/encuentroinformativo.com.mx\/wp-content\/uploads\/2021\/06\/842CD1F2-8254-419A-8B03-D43163D40218-1024x768.jpeg\" alt=\"\" class=\"wp-image-15509\" srcset=\"https:\/\/encuentroinformativo.com.mx\/wp-content\/uploads\/2021\/06\/842CD1F2-8254-419A-8B03-D43163D40218-1024x768.jpeg 1024w, https:\/\/encuentroinformativo.com.mx\/wp-content\/uploads\/2021\/06\/842CD1F2-8254-419A-8B03-D43163D40218-300x225.jpeg 300w, https:\/\/encuentroinformativo.com.mx\/wp-content\/uploads\/2021\/06\/842CD1F2-8254-419A-8B03-D43163D40218-768x576.jpeg 768w, https:\/\/encuentroinformativo.com.mx\/wp-content\/uploads\/2021\/06\/842CD1F2-8254-419A-8B03-D43163D40218.jpeg 1280w\" sizes=\"auto, (max-width: 1024px) 100vw, 1024px\" \/><\/figure>\n","protected":false},"excerpt":{"rendered":"<p>Dar\u00edo Pale Xalapa, Ver.- La se\u00f1ora Alma Evelia Rodr\u00edguez Luna Directora Ejecutiva de la Asociaci\u00f3n de Estudiantes o Trabajadores Ciegos y D\u00e9biles Visuales del estado de Veracruz A.C., dio a conocer que en la capital del estado hace falta todo como por ejemplo que exista accesibilidad para estas personas en la movilidad y para la [&hellip;]<\/p>\n","protected":false},"author":1,"featured_media":15508,"comment_status":"open","ping_status":"open","sticky":false,"template":"","format":"standard","meta":{"_jetpack_memberships_contains_paid_content":false,"footnotes":""},"categories":[3],"tags":[],"class_list":["post-15507","post","type-post","status-publish","format-standard","has-post-thumbnail","hentry","category-xalapa"],"jetpack_featured_media_url":"https:\/\/encuentroinformativo.com.mx\/wp-content\/uploads\/2021\/06\/1FFD5215-7BA8-43F9-808E-B43B563DECDE.jpeg","jetpack_sharing_enabled":true,"jetpack_likes_enabled":true,"amp_enabled":true,"_links":{"self":[{"href":"https:\/\/encuentroinformativo.com.mx\/index.php?rest_route=\/wp\/v2\/posts\/15507","targetHints":{"allow":["GET"]}}],"collection":[{"href":"https:\/\/encuentroinformativo.com.mx\/index.php?rest_route=\/wp\/v2\/posts"}],"about":[{"href":"https:\/\/encuentroinformativo.com.mx\/index.php?rest_route=\/wp\/v2\/types\/post"}],"author":[{"embeddable":true,"href":"https:\/\/encuentroinformativo.com.mx\/index.php?rest_route=\/wp\/v2\/users\/1"}],"replies":[{"embeddable":true,"href":"https:\/\/encuentroinformativo.com.mx\/index.php?rest_route=%2Fwp%2Fv2%2Fcomments&post=15507"}],"version-history":[{"count":1,"href":"https:\/\/encuentroinformativo.com.mx\/index.php?rest_route=\/wp\/v2\/posts\/15507\/revisions"}],"predecessor-version":[{"id":15510,"href":"https:\/\/encuentroinformativo.com.mx\/index.php?rest_route=\/wp\/v2\/posts\/15507\/revisions\/15510"}],"wp:featuredmedia":[{"embeddable":true,"href":"https:\/\/encuentroinformativo.com.mx\/index.php?rest_route=\/wp\/v2\/media\/15508"}],"wp:attachment":[{"href":"https:\/\/encuentroinformativo.com.mx\/index.php?rest_route=%2Fwp%2Fv2%2Fmedia&parent=15507"}],"wp:term":[{"taxonomy":"category","embeddable":true,"href":"https:\/\/encuentroinformativo.com.mx\/index.php?rest_route=%2Fwp%2Fv2%2Fcategories&post=15507"},{"taxonomy":"post_tag","embeddable":true,"href":"https:\/\/encuentroinformativo.com.mx\/index.php?rest_route=%2Fwp%2Fv2%2Ftags&post=15507"}],"curies":[{"name":"wp","href":"https:\/\/api.w.org\/{rel}","templated":true}]}}