{"id":15511,"date":"2021-06-21T14:38:30","date_gmt":"2021-06-21T19:38:30","guid":{"rendered":"https:\/\/encuentroinformativo.com.mx\/?p=15511"},"modified":"2021-06-21T14:38:34","modified_gmt":"2021-06-21T19:38:34","slug":"aumentan-robos-en-parque-juarez","status":"publish","type":"post","link":"https:\/\/encuentroinformativo.com.mx\/?p=15511","title":{"rendered":"Aumentan robos en parque Ju\u00e1rez"},"content":{"rendered":"\n<p><strong>Juan Arcos<\/strong> <\/p>\n\n\n\n<p>Xalapa, Ver.- Comerciantes del parque Benito Ju\u00e1rez denunciaron que han registrado hasta cuatro robos en sus casetas de comida durante los \u00faltimos cinco meses.<\/p>\n\n\n\n<p>Roberto Aguilar Dom\u00ednguez, cuyos familiares venden churros y papas fritas desde 1969, la madrugada de este lunes abrieron la puerta trasera de su negocio para robar herramientas y dinero en efectivo.<\/p>\n\n\n\n<p>El entrevistado indic\u00f3 que es la segunda vez que atracan su puesto, localizado entre el Palacio Municipal y el Palacio de Gobierno, muy cerca de la Torre de la Secretar\u00eda de Seguridad P\u00fablica (SSP).<\/p>\n\n\n\n<p>Adem\u00e1s, coment\u00f3 que por lo menos otros tres de sus compa\u00f1eros se encuentran en la misma situaci\u00f3n.<\/p>\n\n\n\n<p>\u201cA una compa\u00f1era (vende elotes y esquites) le robaron unas l\u00e1mparas, son cosas peque\u00f1as pero s\u00ed te quedas con eso de que te vas a tu casa y no sabes qu\u00e9 pasa en la noche\u201d.<\/p>\n\n\n\n<p>Por tal motivo, solicit\u00f3 la presencia de polic\u00edas estatales y municipales, quienes levantaron un reporte y se comprometieron a vigilar la zona durante las noches y madrugadas.<\/p>\n\n\n\n<p>\u201cHablamos a seguridad p\u00fablica e inmediatamente vinieron, tomaron los datos, todo reporte y nos dijeron que van a estar m\u00e1s pendientes de esta situaci\u00f3n porque no es la primera vez que pasa\u201d.\u00a0<\/p>\n\n\n\n<p>Aguilar Dom\u00ednguez indic\u00f3 que los robos han repuntado durante esta pandemia del SARS-COV-2 (COVID-19), pese a que el parque ha permanecido cerrado al p\u00fablico durante m\u00e1s de un a\u00f1o.<\/p>\n\n\n\n<p>Sin embargo, coment\u00f3 que los vendedores, al tener un horario establecido y retirarse a m\u00e1s tardar a las nueve la noche, sus negocios quedan desprotegidos ante la falta de personas en la zona.<\/p>\n\n\n\n<p>\u201cEso hace que nos tengamos que ir a tal hora y luego el parque se quede vac\u00edo y eso se presta a que vengan personas de otro lugar a hacer cosas como la que pas\u00f3 ahorita\u201d, enfatiz\u00f3 el comerciante.<\/p>\n\n\n\n<p>En a\u00f1os anteriores, algunos vendedores hab\u00edan colocado c\u00e1maras de videovigilancia en sus casetas ante la inseguridad que se hab\u00eda registrado en el sitio.<\/p>\n","protected":false},"excerpt":{"rendered":"<p>Juan Arcos Xalapa, Ver.- Comerciantes del parque Benito Ju\u00e1rez denunciaron que han registrado hasta cuatro robos en sus casetas de comida durante los \u00faltimos cinco meses. Roberto Aguilar Dom\u00ednguez, cuyos familiares venden churros y papas fritas desde 1969, la madrugada de este lunes abrieron la puerta trasera de su negocio para robar herramientas y dinero [&hellip;]<\/p>\n","protected":false},"author":1,"featured_media":15512,"comment_status":"open","ping_status":"open","sticky":false,"template":"","format":"standard","meta":{"_jetpack_memberships_contains_paid_content":false,"footnotes":""},"categories":[3],"tags":[],"class_list":["post-15511","post","type-post","status-publish","format-standard","has-post-thumbnail","hentry","category-xalapa"],"jetpack_featured_media_url":"https:\/\/encuentroinformativo.com.mx\/wp-content\/uploads\/2021\/06\/6743F447-ECB1-4835-97DA-AC634712AB8A.jpeg","jetpack_sharing_enabled":true,"jetpack_likes_enabled":true,"amp_enabled":true,"_links":{"self":[{"href":"https:\/\/encuentroinformativo.com.mx\/index.php?rest_route=\/wp\/v2\/posts\/15511","targetHints":{"allow":["GET"]}}],"collection":[{"href":"https:\/\/encuentroinformativo.com.mx\/index.php?rest_route=\/wp\/v2\/posts"}],"about":[{"href":"https:\/\/encuentroinformativo.com.mx\/index.php?rest_route=\/wp\/v2\/types\/post"}],"author":[{"embeddable":true,"href":"https:\/\/encuentroinformativo.com.mx\/index.php?rest_route=\/wp\/v2\/users\/1"}],"replies":[{"embeddable":true,"href":"https:\/\/encuentroinformativo.com.mx\/index.php?rest_route=%2Fwp%2Fv2%2Fcomments&post=15511"}],"version-history":[{"count":1,"href":"https:\/\/encuentroinformativo.com.mx\/index.php?rest_route=\/wp\/v2\/posts\/15511\/revisions"}],"predecessor-version":[{"id":15513,"href":"https:\/\/encuentroinformativo.com.mx\/index.php?rest_route=\/wp\/v2\/posts\/15511\/revisions\/15513"}],"wp:featuredmedia":[{"embeddable":true,"href":"https:\/\/encuentroinformativo.com.mx\/index.php?rest_route=\/wp\/v2\/media\/15512"}],"wp:attachment":[{"href":"https:\/\/encuentroinformativo.com.mx\/index.php?rest_route=%2Fwp%2Fv2%2Fmedia&parent=15511"}],"wp:term":[{"taxonomy":"category","embeddable":true,"href":"https:\/\/encuentroinformativo.com.mx\/index.php?rest_route=%2Fwp%2Fv2%2Fcategories&post=15511"},{"taxonomy":"post_tag","embeddable":true,"href":"https:\/\/encuentroinformativo.com.mx\/index.php?rest_route=%2Fwp%2Fv2%2Ftags&post=15511"}],"curies":[{"name":"wp","href":"https:\/\/api.w.org\/{rel}","templated":true}]}}