{"id":15528,"date":"2021-06-21T18:20:44","date_gmt":"2021-06-21T23:20:44","guid":{"rendered":"https:\/\/encuentroinformativo.com.mx\/?p=15528"},"modified":"2021-06-21T18:20:47","modified_gmt":"2021-06-21T23:20:47","slug":"habitantes-tiran-basura-en-palacio-municipal-de-medellin","status":"publish","type":"post","link":"https:\/\/encuentroinformativo.com.mx\/?p=15528","title":{"rendered":"Habitantes tiran basura en palacio municipal de Medell\u00edn"},"content":{"rendered":"\n<p><strong>Alejandro \u00c1vila<\/strong><\/p>\n\n\n\n<p>Medell\u00edn de Bravo, Ver. \u2013 El alcalde de Medell\u00edn de Bravo, Hip\u00f3lito Deschamps Espino Barros, asegur\u00f3 que se tiene identificadas a las dos personas que esta ma\u00f1ana ingresaron al Palacio Municipal para dejar bolsas de basura en su interior.<\/p>\n\n\n\n<p>Expuso en un Facebook Live trasmitido, que presentar\u00e1n denuncia penal en contra de estos dos sujetos, pues los acus\u00f3 de estar politizando una situaci\u00f3n.<\/p>\n\n\n\n<p>\u201cNo vamos a permitir que un tema as\u00ed se vuelva pol\u00edtico. Hubo un par de personas que de manera arbitraria fueron a tirar bolsa de basura, por dos d\u00edas que no se recolect\u00f3, al Palacio Municipal, ya di la instrucci\u00f3n, porque obviamente esas personas quedaron grabadas, y se va a denunciar. Persona que vaya a tirar basura al Palacio Municipal ser\u00e1 denunciada, y obviamente si se agarra en el momento, pues obviamente llamaremos a las autoridades de Seguridad P\u00fablica para que estas personas sean detenidas\u201d, asest\u00f3.<\/p>\n\n\n\n<p>El edil panista reconoci\u00f3 que, desde el pasado viernes 18 de junio por la tarde, el servicio de recolecci\u00f3n de basura en el fraccionamiento Arboledas San Ram\u00f3n y algunos otros dej\u00f3 de pasar, pues aclar\u00f3 que de forma incre\u00edble, siete de las diez unidades recolectoras se descompusieron y se encuentran en el taller.<br>Aunque a partir de este martes por la ma\u00f1ana, afirm\u00f3, se recoger\u00e1 toda la basura pendiente del fin de semana y a la brevedad se reorganizar\u00e1n las rutas de recolecci\u00f3n para que no vuelva a suceder alguna situaci\u00f3n similar.<\/p>\n\n\n\n<p>Agreg\u00f3 que todo es perfectible, y record\u00f3 que antes, en el fraccionamiento Puente Moreno solo pasaba el cami\u00f3n de la basura tres veces por semana, mientras que ahora existe dos turnos al d\u00eda, con excepci\u00f3n de los s\u00e1bados y domingos que solo se recolecta una vez al d\u00eda, por la ma\u00f1ana.<\/p>\n","protected":false},"excerpt":{"rendered":"<p>Alejandro \u00c1vila Medell\u00edn de Bravo, Ver. \u2013 El alcalde de Medell\u00edn de Bravo, Hip\u00f3lito Deschamps Espino Barros, asegur\u00f3 que se tiene identificadas a las dos personas que esta ma\u00f1ana ingresaron al Palacio Municipal para dejar bolsas de basura en su interior. Expuso en un Facebook Live trasmitido, que presentar\u00e1n denuncia penal en contra de estos [&hellip;]<\/p>\n","protected":false},"author":1,"featured_media":15529,"comment_status":"open","ping_status":"open","sticky":false,"template":"","format":"standard","meta":{"_jetpack_memberships_contains_paid_content":false,"footnotes":""},"categories":[2],"tags":[],"class_list":["post-15528","post","type-post","status-publish","format-standard","has-post-thumbnail","hentry","category-estado"],"jetpack_featured_media_url":"https:\/\/encuentroinformativo.com.mx\/wp-content\/uploads\/2021\/06\/43B64B7A-24A4-45C9-B208-3D2BE5443EEA.jpeg","jetpack_sharing_enabled":true,"jetpack_likes_enabled":true,"amp_enabled":true,"_links":{"self":[{"href":"https:\/\/encuentroinformativo.com.mx\/index.php?rest_route=\/wp\/v2\/posts\/15528","targetHints":{"allow":["GET"]}}],"collection":[{"href":"https:\/\/encuentroinformativo.com.mx\/index.php?rest_route=\/wp\/v2\/posts"}],"about":[{"href":"https:\/\/encuentroinformativo.com.mx\/index.php?rest_route=\/wp\/v2\/types\/post"}],"author":[{"embeddable":true,"href":"https:\/\/encuentroinformativo.com.mx\/index.php?rest_route=\/wp\/v2\/users\/1"}],"replies":[{"embeddable":true,"href":"https:\/\/encuentroinformativo.com.mx\/index.php?rest_route=%2Fwp%2Fv2%2Fcomments&post=15528"}],"version-history":[{"count":1,"href":"https:\/\/encuentroinformativo.com.mx\/index.php?rest_route=\/wp\/v2\/posts\/15528\/revisions"}],"predecessor-version":[{"id":15530,"href":"https:\/\/encuentroinformativo.com.mx\/index.php?rest_route=\/wp\/v2\/posts\/15528\/revisions\/15530"}],"wp:featuredmedia":[{"embeddable":true,"href":"https:\/\/encuentroinformativo.com.mx\/index.php?rest_route=\/wp\/v2\/media\/15529"}],"wp:attachment":[{"href":"https:\/\/encuentroinformativo.com.mx\/index.php?rest_route=%2Fwp%2Fv2%2Fmedia&parent=15528"}],"wp:term":[{"taxonomy":"category","embeddable":true,"href":"https:\/\/encuentroinformativo.com.mx\/index.php?rest_route=%2Fwp%2Fv2%2Fcategories&post=15528"},{"taxonomy":"post_tag","embeddable":true,"href":"https:\/\/encuentroinformativo.com.mx\/index.php?rest_route=%2Fwp%2Fv2%2Ftags&post=15528"}],"curies":[{"name":"wp","href":"https:\/\/api.w.org\/{rel}","templated":true}]}}