{"id":15531,"date":"2021-06-21T18:23:36","date_gmt":"2021-06-21T23:23:36","guid":{"rendered":"https:\/\/encuentroinformativo.com.mx\/?p=15531"},"modified":"2021-06-21T18:23:40","modified_gmt":"2021-06-21T23:23:40","slug":"hijos-de-la-senora-maricruz-seran-trasladados-a-guerrero-con-un-familiar","status":"publish","type":"post","link":"https:\/\/encuentroinformativo.com.mx\/?p=15531","title":{"rendered":"Hijos de la se\u00f1ora Maricruz ser\u00e1n trasladados a Guerrero con un familiar"},"content":{"rendered":"\n<p><strong>Alejandro \u00c1vila<\/strong><\/p>\n\n\n\n<p>Veracruz, Ver.- Los dos menores de edad, hijos de la se\u00f1ora Maricruz Nazario Mijangos y que est\u00e1n bajo resguardo del DIF Municipal de Veracruz ser\u00e1n trasladados a un DIF Municipal en Guerrero para luego ser entregados a un familiar, inform\u00f3 el Procurador de la Defensa de Ni\u00f1os, Ni\u00f1as y Adolescentes, Ibis Dom\u00ednguez Maldonado.<\/p>\n\n\n\n<p>Record\u00f3 que tras anticipar el presunto abuso sexual que pretend\u00eda hacer su abuelo en contra de los menores, se abri\u00f3 una carpeta de investigaci\u00f3n en la Fiscal\u00eda Especializada n\u00famero 4, donde tras ser puesto a disposici\u00f3n la persona detenida, tambi\u00e9n se emite una medida de protecci\u00f3n de los infantes, la cual se ejerce desde el pasado 21 de mayo.<\/p>\n\n\n\n<p>La Procuradur\u00eda de la Defensa del Menor en Veracruz puerto, asegur\u00f3 estar en constante comunicaci\u00f3n con la madre de los peque\u00f1os, y recalc\u00f3 que la finalidad era buscar una red de apoyo familiar.<\/p>\n\n\n\n<p>&#8220;\u00bfQue quiere decir esto?, buscar un familiar idoneo y viable, para que en el tiempo que se est\u00e1 investigando, pues la verdad hist\u00f3rica de los hechos, pues un familiar se haga cargo de ellos, y precisamente fue la madre de los infantes quien propuso a una t\u00eda, una t\u00eda por linea paterna y que no vive en el Estado, es originaria del Estado de Guerrero, la propuso a ella para que fuera la persona que se hiciera cargo de sus hijos, y obviamente esta Procuradur\u00eda tiene que llevar a cabo un protocolo&#8221;, explic\u00f3.<\/p>\n\n\n\n<p>Dom\u00ednguez Maldonado, manifest\u00f3 que ya tuvieron contacto con el DIF de la municipalidad donde vive la t\u00eda en Guerrero y tienen avanzados todos los tr\u00e1mites necesarios, por lo que ya hay una propuesta de reunificaci\u00f3n familiar y un plan de restituci\u00f3n de derechos, para que los ni\u00f1os se incorporen a un n\u00facleo familiar.<\/p>\n\n\n\n<p>Finalmente, declar\u00f3 que la Fiscal\u00eda General del Estado, quien lleva el proceso de Pedro &#8220;N&#8221; le finc\u00f3 una prisi\u00f3n preventiva de dos a\u00f1os, por lo que hasta el momento, asegur\u00f3 tener conocimiento que el presunto agresor, sigue preso.<\/p>\n","protected":false},"excerpt":{"rendered":"<p>Alejandro \u00c1vila Veracruz, Ver.- Los dos menores de edad, hijos de la se\u00f1ora Maricruz Nazario Mijangos y que est\u00e1n bajo resguardo del DIF Municipal de Veracruz ser\u00e1n trasladados a un DIF Municipal en Guerrero para luego ser entregados a un familiar, inform\u00f3 el Procurador de la Defensa de Ni\u00f1os, Ni\u00f1as y Adolescentes, Ibis Dom\u00ednguez Maldonado. [&hellip;]<\/p>\n","protected":false},"author":1,"featured_media":15532,"comment_status":"open","ping_status":"open","sticky":false,"template":"","format":"standard","meta":{"_jetpack_memberships_contains_paid_content":false,"footnotes":""},"categories":[2],"tags":[],"class_list":["post-15531","post","type-post","status-publish","format-standard","has-post-thumbnail","hentry","category-estado"],"jetpack_featured_media_url":"https:\/\/encuentroinformativo.com.mx\/wp-content\/uploads\/2021\/06\/60C90289-87B2-4E8C-AB47-3892E9115725.jpeg","jetpack_sharing_enabled":true,"jetpack_likes_enabled":true,"amp_enabled":true,"_links":{"self":[{"href":"https:\/\/encuentroinformativo.com.mx\/index.php?rest_route=\/wp\/v2\/posts\/15531","targetHints":{"allow":["GET"]}}],"collection":[{"href":"https:\/\/encuentroinformativo.com.mx\/index.php?rest_route=\/wp\/v2\/posts"}],"about":[{"href":"https:\/\/encuentroinformativo.com.mx\/index.php?rest_route=\/wp\/v2\/types\/post"}],"author":[{"embeddable":true,"href":"https:\/\/encuentroinformativo.com.mx\/index.php?rest_route=\/wp\/v2\/users\/1"}],"replies":[{"embeddable":true,"href":"https:\/\/encuentroinformativo.com.mx\/index.php?rest_route=%2Fwp%2Fv2%2Fcomments&post=15531"}],"version-history":[{"count":1,"href":"https:\/\/encuentroinformativo.com.mx\/index.php?rest_route=\/wp\/v2\/posts\/15531\/revisions"}],"predecessor-version":[{"id":15533,"href":"https:\/\/encuentroinformativo.com.mx\/index.php?rest_route=\/wp\/v2\/posts\/15531\/revisions\/15533"}],"wp:featuredmedia":[{"embeddable":true,"href":"https:\/\/encuentroinformativo.com.mx\/index.php?rest_route=\/wp\/v2\/media\/15532"}],"wp:attachment":[{"href":"https:\/\/encuentroinformativo.com.mx\/index.php?rest_route=%2Fwp%2Fv2%2Fmedia&parent=15531"}],"wp:term":[{"taxonomy":"category","embeddable":true,"href":"https:\/\/encuentroinformativo.com.mx\/index.php?rest_route=%2Fwp%2Fv2%2Fcategories&post=15531"},{"taxonomy":"post_tag","embeddable":true,"href":"https:\/\/encuentroinformativo.com.mx\/index.php?rest_route=%2Fwp%2Fv2%2Ftags&post=15531"}],"curies":[{"name":"wp","href":"https:\/\/api.w.org\/{rel}","templated":true}]}}