{"id":15534,"date":"2021-06-21T20:57:05","date_gmt":"2021-06-22T01:57:05","guid":{"rendered":"https:\/\/encuentroinformativo.com.mx\/?p=15534"},"modified":"2021-06-21T20:57:09","modified_gmt":"2021-06-22T01:57:09","slug":"defendi-la-autonomia-de-la-uv-rectora","status":"publish","type":"post","link":"https:\/\/encuentroinformativo.com.mx\/?p=15534","title":{"rendered":"Defend\u00ed la autonom\u00eda de la UV: Rectora"},"content":{"rendered":"\n<p><strong>Juan Arcos<\/strong><\/p>\n\n\n\n<p>Xalapa, Ver.- La rectora de la Universidad Veracruzana (UV), Sara Ladr\u00f3n de Guevara Gonz\u00e1lez, present\u00f3 su cuarto y \u00faltimo informe de labores, donde destac\u00f3 la jornada de manifestaciones que encabez\u00f3 para defender la autonom\u00eda y el presupuesto de la m\u00e1xima casa de estudios del estado, durante gobiernos \u201ccorruptos\u201d.<\/p>\n\n\n\n<p>En sesi\u00f3n solemne del Consejo Universitario General, celebrada en la Sala Tlaqn\u00e1, en compa\u00f1\u00eda del gobernador Cuitl\u00e1huac Garc\u00eda Jim\u00e9nez, la acad\u00e9mica indic\u00f3 que en marzo de 2016, durante el sexenio de Javier Duarte de Ochoa, particip\u00f3, junto con la comunidad universitaria, en manifestaciones, ante un adeudo de m\u00e1s de 2 mil millones de pesos que hab\u00eda sido heredado por dicho gobierno priista.<\/p>\n\n\n\n<p>\u201cSalimos como un solo ser a defender su autonom\u00eda, a defender el presupuesto que legal y leg\u00edtimamente le correspond\u00eda y que buscaban escatimarle\u201d.<\/p>\n\n\n\n<p>En su discurso, frente a autoridades acad\u00e9micas, estatales, federales y municipales, record\u00f3 que tambi\u00e9n se sali\u00f3 a las calles a pedir la autonom\u00eda financiera que garantizara el pleno cumplimiento de las labores fundamentales de la UV.<\/p>\n\n\n\n<p>\u201cCreo que en esas jornadas se concentraron el pasado, el presente y el futuro de nuestra casa de estudios\u201d.<\/p>\n\n\n\n<p>Explic\u00f3 que el pasado hace referencia al legado moral y material de varias generaciones de universitarios que obligaban a dar la cara, a movilizarse en la defensa de sus derechos.<\/p>\n\n\n\n<p>Detall\u00f3 que el presente de la UV apunta a que las tareas sustantivas se encontraban en entredicho, afectando a varias generaciones de universitarios y la labor cotidiana.<\/p>\n\n\n\n<p>\u201cY el futuro, porque lo que a trav\u00e9s de dichas jornadas conseguimos garant\u00edas el funcionamiento aut\u00f3nomo y sin apremios de nuestra instituci\u00f3n\u201d.<\/p>\n\n\n\n<p>Ladr\u00f3n de Guevara Gonz\u00e1lez a\u00f1adi\u00f3 que, como resultado de esas jornadas de lucha, se lograron dos modificaciones a la Constituci\u00f3n Pol\u00edtica del Estado de Veracruz para aprobar la autonom\u00eda presupuestaria y para ratificar su capacidad de autolegislarse.<\/p>\n\n\n\n<p>La Rectora estuvo al frente de la UV durante los \u00faltimos ocho a\u00f1os, enfrentando la peor crisis de la instituci\u00f3n por gobiernos deficientes que la endeudaron.<\/p>\n\n\n\n<p>Sin embargo, agradeci\u00f3 al actual mandatario estatal por haber liquidado dicha deuda y sumarse al desarrollo profesional de la m\u00e1xima casa de estudios de Veracruz.<\/p>\n","protected":false},"excerpt":{"rendered":"<p>Juan Arcos Xalapa, Ver.- La rectora de la Universidad Veracruzana (UV), Sara Ladr\u00f3n de Guevara Gonz\u00e1lez, present\u00f3 su cuarto y \u00faltimo informe de labores, donde destac\u00f3 la jornada de manifestaciones que encabez\u00f3 para defender la autonom\u00eda y el presupuesto de la m\u00e1xima casa de estudios del estado, durante gobiernos \u201ccorruptos\u201d. En sesi\u00f3n solemne del Consejo [&hellip;]<\/p>\n","protected":false},"author":1,"featured_media":15535,"comment_status":"open","ping_status":"open","sticky":false,"template":"","format":"standard","meta":{"_jetpack_memberships_contains_paid_content":false,"footnotes":""},"categories":[2],"tags":[],"class_list":["post-15534","post","type-post","status-publish","format-standard","has-post-thumbnail","hentry","category-estado"],"jetpack_featured_media_url":"https:\/\/encuentroinformativo.com.mx\/wp-content\/uploads\/2021\/06\/7D3F35A8-3515-487D-9701-C0C0876FFDED.jpeg","jetpack_sharing_enabled":true,"jetpack_likes_enabled":true,"amp_enabled":true,"_links":{"self":[{"href":"https:\/\/encuentroinformativo.com.mx\/index.php?rest_route=\/wp\/v2\/posts\/15534","targetHints":{"allow":["GET"]}}],"collection":[{"href":"https:\/\/encuentroinformativo.com.mx\/index.php?rest_route=\/wp\/v2\/posts"}],"about":[{"href":"https:\/\/encuentroinformativo.com.mx\/index.php?rest_route=\/wp\/v2\/types\/post"}],"author":[{"embeddable":true,"href":"https:\/\/encuentroinformativo.com.mx\/index.php?rest_route=\/wp\/v2\/users\/1"}],"replies":[{"embeddable":true,"href":"https:\/\/encuentroinformativo.com.mx\/index.php?rest_route=%2Fwp%2Fv2%2Fcomments&post=15534"}],"version-history":[{"count":1,"href":"https:\/\/encuentroinformativo.com.mx\/index.php?rest_route=\/wp\/v2\/posts\/15534\/revisions"}],"predecessor-version":[{"id":15536,"href":"https:\/\/encuentroinformativo.com.mx\/index.php?rest_route=\/wp\/v2\/posts\/15534\/revisions\/15536"}],"wp:featuredmedia":[{"embeddable":true,"href":"https:\/\/encuentroinformativo.com.mx\/index.php?rest_route=\/wp\/v2\/media\/15535"}],"wp:attachment":[{"href":"https:\/\/encuentroinformativo.com.mx\/index.php?rest_route=%2Fwp%2Fv2%2Fmedia&parent=15534"}],"wp:term":[{"taxonomy":"category","embeddable":true,"href":"https:\/\/encuentroinformativo.com.mx\/index.php?rest_route=%2Fwp%2Fv2%2Fcategories&post=15534"},{"taxonomy":"post_tag","embeddable":true,"href":"https:\/\/encuentroinformativo.com.mx\/index.php?rest_route=%2Fwp%2Fv2%2Ftags&post=15534"}],"curies":[{"name":"wp","href":"https:\/\/api.w.org\/{rel}","templated":true}]}}