{"id":15547,"date":"2021-06-22T11:54:54","date_gmt":"2021-06-22T16:54:54","guid":{"rendered":"https:\/\/encuentroinformativo.com.mx\/?p=15547"},"modified":"2021-06-22T11:54:58","modified_gmt":"2021-06-22T16:54:58","slug":"ante-repunte-en-casos-covid-emite-gobierno-nuevo-decreto-dirigido-a-jovenes","status":"publish","type":"post","link":"https:\/\/encuentroinformativo.com.mx\/?p=15547","title":{"rendered":"Ante repunte en casos Covid, emite Gobierno nuevo decreto dirigido a j\u00f3venes"},"content":{"rendered":"\n<p><strong>Redacci\u00f3n<\/strong><\/p>\n\n\n\n<p>Xalapa, Ver.- Ante el incremento de casos de Covid que se registra en varios municipios de la entidad veracruzana, el gobernador Cuitl\u00e1huac Garc\u00eda Jim\u00e9nez dio a conocer que se public\u00f3 un nuevo decreto \u201cNo hagas olas, evita la tercera\u201d dirigido en especial a la poblaci\u00f3n joven.<\/p>\n\n\n\n<p>En conferencia de prensa, se\u00f1al\u00f3 que Veracruz se encuentra en sem\u00e1foro amarillo ante el repunte de casos que presentan algunos municipios tales como Veracruz, Boca del R\u00edo, Xalapa, Coatzacoalcos, Poza Rica, P\u00e1nuco, entre otros.<\/p>\n\n\n\n<p>\u201cUn decreto que publicamos ayer por la tarde, no hagas olas evita la tercera, dirigida especialmente a los j\u00f3venes. Los j\u00f3venes como sabemos tienen un impacto menor en la sintomatolog\u00eda de Covid, la gran mayor\u00eda llega a superarlo, sin embargo, la gran mayor\u00eda llega a contagiarlo a sus familiares y ese es el gran riesgo\u201d.<\/p>\n\n\n\n<p>Por lo que exhort\u00f3 a este sector de la poblaci\u00f3n para no acudir a fiestas y esperar, con la intenci\u00f3n de que para la temporada vacacional de verano Veracruz se encuentre en sem\u00e1foro verde.<\/p>\n\n\n\n<p>\u201cPor la invitaci\u00f3n a la poblaci\u00f3n y en especial a los j\u00f3venes a que no hagamos olas, qu\u00e9 tendremos que hacer apegarnos al sem\u00e1foro municipal\u2026 insisto es esta semana hagamos el esfuerzo por cumplirlas de hoy martes hasta el pr\u00f3ximo lunes. Es una semana de conciencia\u201d, finaliz\u00f3.<\/p>\n","protected":false},"excerpt":{"rendered":"<p>Redacci\u00f3n Xalapa, Ver.- Ante el incremento de casos de Covid que se registra en varios municipios de la entidad veracruzana, el gobernador Cuitl\u00e1huac Garc\u00eda Jim\u00e9nez dio a conocer que se public\u00f3 un nuevo decreto \u201cNo hagas olas, evita la tercera\u201d dirigido en especial a la poblaci\u00f3n joven. En conferencia de prensa, se\u00f1al\u00f3 que Veracruz se [&hellip;]<\/p>\n","protected":false},"author":1,"featured_media":11930,"comment_status":"open","ping_status":"open","sticky":false,"template":"","format":"standard","meta":{"_jetpack_memberships_contains_paid_content":false,"footnotes":""},"categories":[9],"tags":[],"class_list":["post-15547","post","type-post","status-publish","format-standard","has-post-thumbnail","hentry","category-salud"],"jetpack_featured_media_url":"https:\/\/encuentroinformativo.com.mx\/wp-content\/uploads\/2021\/03\/0DC23CA5-B343-4DC1-AE1F-5C2AADEF94AD.jpeg","jetpack_sharing_enabled":true,"jetpack_likes_enabled":true,"amp_enabled":true,"_links":{"self":[{"href":"https:\/\/encuentroinformativo.com.mx\/index.php?rest_route=\/wp\/v2\/posts\/15547","targetHints":{"allow":["GET"]}}],"collection":[{"href":"https:\/\/encuentroinformativo.com.mx\/index.php?rest_route=\/wp\/v2\/posts"}],"about":[{"href":"https:\/\/encuentroinformativo.com.mx\/index.php?rest_route=\/wp\/v2\/types\/post"}],"author":[{"embeddable":true,"href":"https:\/\/encuentroinformativo.com.mx\/index.php?rest_route=\/wp\/v2\/users\/1"}],"replies":[{"embeddable":true,"href":"https:\/\/encuentroinformativo.com.mx\/index.php?rest_route=%2Fwp%2Fv2%2Fcomments&post=15547"}],"version-history":[{"count":1,"href":"https:\/\/encuentroinformativo.com.mx\/index.php?rest_route=\/wp\/v2\/posts\/15547\/revisions"}],"predecessor-version":[{"id":15548,"href":"https:\/\/encuentroinformativo.com.mx\/index.php?rest_route=\/wp\/v2\/posts\/15547\/revisions\/15548"}],"wp:featuredmedia":[{"embeddable":true,"href":"https:\/\/encuentroinformativo.com.mx\/index.php?rest_route=\/wp\/v2\/media\/11930"}],"wp:attachment":[{"href":"https:\/\/encuentroinformativo.com.mx\/index.php?rest_route=%2Fwp%2Fv2%2Fmedia&parent=15547"}],"wp:term":[{"taxonomy":"category","embeddable":true,"href":"https:\/\/encuentroinformativo.com.mx\/index.php?rest_route=%2Fwp%2Fv2%2Fcategories&post=15547"},{"taxonomy":"post_tag","embeddable":true,"href":"https:\/\/encuentroinformativo.com.mx\/index.php?rest_route=%2Fwp%2Fv2%2Ftags&post=15547"}],"curies":[{"name":"wp","href":"https:\/\/api.w.org\/{rel}","templated":true}]}}