{"id":15549,"date":"2021-06-22T13:15:11","date_gmt":"2021-06-22T18:15:11","guid":{"rendered":"https:\/\/encuentroinformativo.com.mx\/?p=15549"},"modified":"2021-06-22T13:15:15","modified_gmt":"2021-06-22T18:15:15","slug":"en-pandemia-van-72-escuelas-saqueadas-sev","status":"publish","type":"post","link":"https:\/\/encuentroinformativo.com.mx\/?p=15549","title":{"rendered":"En pandemia, van 72 escuelas saqueadas: SEV"},"content":{"rendered":"\n<p><strong>Dar\u00edo Pale <\/strong><\/p>\n\n\n\n<p>Xalapa, Ver.- El titular de la Secretar\u00eda de Educaci\u00f3n de Veracruz (SEV) Roberto Zenyazen Escobar P\u00e9rez dio a conocer que hasta el momento tienen el reporte de que por lo menos 72 escuelas que fueron saqueadas durante este periodo de pandemia.<\/p>\n\n\n\n<p>Entrevistado en las escalinatas de palacio de gobierno se\u00f1al\u00f3 que esto ha sucedido en su mayor\u00eda en los municipios de la zona conurbada de Veracruz puerto, sin embargo la cifra corresponde a todo el estado.<\/p>\n\n\n\n<p>Coment\u00f3 que aunque no se tiene a\u00fan una cifra sobre el total de recursos al que equivale estos robos, s\u00ed se est\u00e1 buscando la estrategia para apoyar a las escuelas, \u201chemos estado haciendo un esfuerzo para saber cu\u00e1l es el monto o a cu\u00e1nto ascienden los montos de lo que se perdi\u00f3 y poder estar apoyando\u201d.<\/p>\n\n\n\n<p>Record\u00f3 que cada a\u00f1o la secretar\u00eda elabora una planeaci\u00f3n con base en las acciones que se ven de prioridad en cada aula e instituci\u00f3n educativa, sin embargo, los robos retrasan las acciones.<\/p>\n\n\n\n<p>\u201cEl a\u00f1o pasado fue aproximadamente mil 250 acciones que corresponden tanto a aulas,, laboratorios y todo lo que se hizo (\u2026) y bueno, esto s\u00ed nos desajusta un poco, el que se de estas acciones y que desafortunadamente este recurso que se vuelve a invertir en estas escuelas, se podr\u00eda ocupar en otras\u201d, coment\u00f3.<\/p>\n\n\n\n<p>Por \u00faltimo inform\u00f3 que se est\u00e1 buscando que se den las condiciones para que mas escuelas regresen a clases presenciales, siempre y cuando el sem\u00e1foro lo permita y se tenga el consenso de los padres y madres de familia.<\/p>\n","protected":false},"excerpt":{"rendered":"<p>Dar\u00edo Pale Xalapa, Ver.- El titular de la Secretar\u00eda de Educaci\u00f3n de Veracruz (SEV) Roberto Zenyazen Escobar P\u00e9rez dio a conocer que hasta el momento tienen el reporte de que por lo menos 72 escuelas que fueron saqueadas durante este periodo de pandemia. Entrevistado en las escalinatas de palacio de gobierno se\u00f1al\u00f3 que esto ha [&hellip;]<\/p>\n","protected":false},"author":1,"featured_media":15550,"comment_status":"open","ping_status":"open","sticky":false,"template":"","format":"standard","meta":{"_jetpack_memberships_contains_paid_content":false,"footnotes":""},"categories":[2],"tags":[],"class_list":["post-15549","post","type-post","status-publish","format-standard","has-post-thumbnail","hentry","category-estado"],"jetpack_featured_media_url":"https:\/\/encuentroinformativo.com.mx\/wp-content\/uploads\/2021\/06\/A7674EE7-C64C-4256-A9A5-8BFFEE6B5FE7.jpeg","jetpack_sharing_enabled":true,"jetpack_likes_enabled":true,"amp_enabled":true,"_links":{"self":[{"href":"https:\/\/encuentroinformativo.com.mx\/index.php?rest_route=\/wp\/v2\/posts\/15549","targetHints":{"allow":["GET"]}}],"collection":[{"href":"https:\/\/encuentroinformativo.com.mx\/index.php?rest_route=\/wp\/v2\/posts"}],"about":[{"href":"https:\/\/encuentroinformativo.com.mx\/index.php?rest_route=\/wp\/v2\/types\/post"}],"author":[{"embeddable":true,"href":"https:\/\/encuentroinformativo.com.mx\/index.php?rest_route=\/wp\/v2\/users\/1"}],"replies":[{"embeddable":true,"href":"https:\/\/encuentroinformativo.com.mx\/index.php?rest_route=%2Fwp%2Fv2%2Fcomments&post=15549"}],"version-history":[{"count":1,"href":"https:\/\/encuentroinformativo.com.mx\/index.php?rest_route=\/wp\/v2\/posts\/15549\/revisions"}],"predecessor-version":[{"id":15551,"href":"https:\/\/encuentroinformativo.com.mx\/index.php?rest_route=\/wp\/v2\/posts\/15549\/revisions\/15551"}],"wp:featuredmedia":[{"embeddable":true,"href":"https:\/\/encuentroinformativo.com.mx\/index.php?rest_route=\/wp\/v2\/media\/15550"}],"wp:attachment":[{"href":"https:\/\/encuentroinformativo.com.mx\/index.php?rest_route=%2Fwp%2Fv2%2Fmedia&parent=15549"}],"wp:term":[{"taxonomy":"category","embeddable":true,"href":"https:\/\/encuentroinformativo.com.mx\/index.php?rest_route=%2Fwp%2Fv2%2Fcategories&post=15549"},{"taxonomy":"post_tag","embeddable":true,"href":"https:\/\/encuentroinformativo.com.mx\/index.php?rest_route=%2Fwp%2Fv2%2Ftags&post=15549"}],"curies":[{"name":"wp","href":"https:\/\/api.w.org\/{rel}","templated":true}]}}