{"id":1556,"date":"2020-04-02T15:54:45","date_gmt":"2020-04-02T21:54:45","guid":{"rendered":"https:\/\/encuentroinformativo.com\/?p=1556"},"modified":"2020-04-02T15:54:48","modified_gmt":"2020-04-02T21:54:48","slug":"autoridades-se-echan-la-bolita-y-no-entregan-apoyos-acusan-musicos","status":"publish","type":"post","link":"https:\/\/encuentroinformativo.com.mx\/?p=1556","title":{"rendered":"Autoridades se echan la bolita y no entregan apoyos, acusan m\u00fasicos"},"content":{"rendered":"\n<p><strong>Dar\u00edo Pale <\/strong><\/p>\n\n\n\n<p>Xalapa,\nVer.- No hay un acuerdo entre el Gobierno del Estado con el Ayuntamiento de\nXalapa para otorgar los apoyos ya que los m\u00fasicos que solicitan una ayuda\necon\u00f3mica los traen de un lado para otro y no les dan una respuesta clara.<\/p>\n\n\n\n<p>Entrevistados\nen los pasillos de conocido caf\u00e9 del centro de Xalapa, Jos\u00e9 Luis Ram\u00edrez Reyes,\nsecretario general del Sindicato de Filarm\u00f3nicos del Estado de Veracruz, que\nrepresenta a alrededor de 500&nbsp;m\u00fasicos, se\u00f1al\u00f3 que desde la semana pasada,\nm\u00fasicos de Xalapa que tocaban en ferias, fiestas patronales, fiestas privadas y\nen diferentes centros nocturnos solicitaron al Gobierno del Estado apoyo\necon\u00f3mico para solventar la crisis econ\u00f3mica que les provoc\u00f3 la suspensi\u00f3n de\nactividades derivado de la contingencia por coronavirus.&nbsp;<\/p>\n\n\n\n<p>Sin\nembargo, fueron enviados por las autoridades estatales con el gobierno\nmunicipal, para que \u00e9ste les respondiera, lo cual molest\u00f3 a los filarm\u00f3nicos,\npues para escuchar sus necesidades, en el Ayuntamiento no se terminan de poner\nde acuerdo en qu\u00e9 \u00e1rea los atender\u00eda.&nbsp;<\/p>\n\n\n\n<p>&#8220;La\ndocumentaci\u00f3n la mandan a municipio y municipio dice una cosa en una direcci\u00f3n,\notra direcci\u00f3n dice otra cosa. Esto es un plan emergente, urgente es que el\nrecurso llegue&#8221;, se\u00f1al\u00f3.<\/p>\n\n\n\n<p>Aunque\nhan presentado la documentaci\u00f3n para acreditar a cada m\u00fasico y su situaci\u00f3n,\nson citados de manera individual, lo que adem\u00e1s les genera vulnerabilidad ante\nel riesgo que actualmente respeta el salir a la calle, insisti\u00f3.&nbsp;<\/p>\n\n\n\n<p>&#8220;Nos\ndijeron que los compa\u00f1eros m\u00fasicos tienen que venir en forma personal y traer\nsu solicitud individual para ver qu\u00e9 se puede hacer&#8221;. &#8220;\u00bfQu\u00e9 vamos a\nhacer?, \u00bfHacia d\u00f3nde nos dirigimos?\u201d.&nbsp;<\/p>\n\n\n\n<p>Hasta\nahora no han fijado alguna cantidad en sus solicitudes, sin embargo insisten en\nque deben ser incluidos en el presupuesto federal y estatal para atender sus\nnecesidades. &nbsp;<\/p>\n\n\n\n<p>Cabe\nmencionar que el Ayuntamiento de Xalapa no otorgar\u00e1 recursos econ\u00f3micos, si no\ntrabajo temporal \u00fanicamente a personas mayores y vulnerables a esta\ncontingencia.<\/p>\n","protected":false},"excerpt":{"rendered":"<p>Dar\u00edo Pale Xalapa, Ver.- No hay un acuerdo entre el Gobierno del Estado con el Ayuntamiento de Xalapa para otorgar los apoyos ya que los m\u00fasicos que solicitan una ayuda econ\u00f3mica los traen de un lado para otro y no les dan una respuesta clara. Entrevistados en los pasillos de conocido caf\u00e9 del centro de [&hellip;]<\/p>\n","protected":false},"author":1,"featured_media":1555,"comment_status":"open","ping_status":"open","sticky":false,"template":"","format":"standard","meta":{"_jetpack_memberships_contains_paid_content":false,"footnotes":""},"categories":[3],"tags":[],"class_list":["post-1556","post","type-post","status-publish","format-standard","has-post-thumbnail","hentry","category-xalapa"],"jetpack_featured_media_url":"https:\/\/encuentroinformativo.com.mx\/wp-content\/uploads\/2020\/04\/B6D904C7-A4C1-4D62-815B-D4F879874ACD.jpeg","jetpack_sharing_enabled":true,"jetpack_likes_enabled":true,"amp_enabled":true,"_links":{"self":[{"href":"https:\/\/encuentroinformativo.com.mx\/index.php?rest_route=\/wp\/v2\/posts\/1556","targetHints":{"allow":["GET"]}}],"collection":[{"href":"https:\/\/encuentroinformativo.com.mx\/index.php?rest_route=\/wp\/v2\/posts"}],"about":[{"href":"https:\/\/encuentroinformativo.com.mx\/index.php?rest_route=\/wp\/v2\/types\/post"}],"author":[{"embeddable":true,"href":"https:\/\/encuentroinformativo.com.mx\/index.php?rest_route=\/wp\/v2\/users\/1"}],"replies":[{"embeddable":true,"href":"https:\/\/encuentroinformativo.com.mx\/index.php?rest_route=%2Fwp%2Fv2%2Fcomments&post=1556"}],"version-history":[{"count":1,"href":"https:\/\/encuentroinformativo.com.mx\/index.php?rest_route=\/wp\/v2\/posts\/1556\/revisions"}],"predecessor-version":[{"id":1557,"href":"https:\/\/encuentroinformativo.com.mx\/index.php?rest_route=\/wp\/v2\/posts\/1556\/revisions\/1557"}],"wp:featuredmedia":[{"embeddable":true,"href":"https:\/\/encuentroinformativo.com.mx\/index.php?rest_route=\/wp\/v2\/media\/1555"}],"wp:attachment":[{"href":"https:\/\/encuentroinformativo.com.mx\/index.php?rest_route=%2Fwp%2Fv2%2Fmedia&parent=1556"}],"wp:term":[{"taxonomy":"category","embeddable":true,"href":"https:\/\/encuentroinformativo.com.mx\/index.php?rest_route=%2Fwp%2Fv2%2Fcategories&post=1556"},{"taxonomy":"post_tag","embeddable":true,"href":"https:\/\/encuentroinformativo.com.mx\/index.php?rest_route=%2Fwp%2Fv2%2Ftags&post=1556"}],"curies":[{"name":"wp","href":"https:\/\/api.w.org\/{rel}","templated":true}]}}