{"id":15561,"date":"2021-06-22T16:20:56","date_gmt":"2021-06-22T21:20:56","guid":{"rendered":"https:\/\/encuentroinformativo.com.mx\/?p=15561"},"modified":"2021-06-22T16:21:00","modified_gmt":"2021-06-22T21:21:00","slug":"hoteleros-esperan-repunte-con-vacaciones-de-verano-2","status":"publish","type":"post","link":"https:\/\/encuentroinformativo.com.mx\/?p=15561","title":{"rendered":"Hoteleros esperan repunte con vacaciones de verano"},"content":{"rendered":"\n<p><strong>Dar\u00edo Pale<\/strong><\/p>\n\n\n\n<p>Xalapa, Ver.- Marcos Su\u00e1rez Dom\u00ednguez, presidente de la Uni\u00f3n de Empresarios Hoteleros de la Regi\u00f3n de Cultura y Aventura dio a conocer que prev\u00e9n un bajo repunte los hoteleros de la regi\u00f3n de Xalapa durante vacaciones de verano.<\/p>\n\n\n\n<p>Entrevistado en un caf\u00e9 del centro, se\u00f1al\u00f3 que los hoteleros de Xalapa esperan que durante el verano se recupere la ocupaci\u00f3n en esta regi\u00f3n, ya que de un mes y medio a la fecha lograron una recuperaci\u00f3n con ocupaci\u00f3n hotelera en un 25 por s\u00f3lo en hospedajes, esta inici\u00f3 \u00a0de marzo a septiembre del a\u00f1o pasado cuando registraron un 12 por ciento de ocupaci\u00f3n.<\/p>\n\n\n\n<p>Dio a conocer que este martes las campa\u00f1as tur\u00edsticas para esta zona han dejado qu\u00e9 desear, por lo que insisti\u00f3 en que se incluya la regi\u00f3n de la capital para atraer visitantes.<\/p>\n\n\n\n<p>\u201cNos falta funcionar empresas de servicio, operadores tur\u00edsticos, hoteles y el Gobierno para promocionar la regi\u00f3n de Xalapa. No hay producto tur\u00edstico. No lo tenemos desgraciadamente, s\u00f3lo la gente que se va enterando de boca en boca, lo muy poquito que se va sacando en <em>Facebook<\/em>, de Xalapa y la regi\u00f3n&#8221;, coment\u00f3.<\/p>\n\n\n\n<p>Precis\u00f3 que en la capital no se ha rebasado el 45 por ciento de ocupaci\u00f3n durante los periodos vacacionales.<\/p>\n\n\n\n<p>Finalmente lament\u00f3 que a trav\u00e9s del Ayuntamiento no hay un titular del \u00e1rea de turismo ni una estrategia encaminada a promover la ciudad.<\/p>\n","protected":false},"excerpt":{"rendered":"<p>Dar\u00edo Pale Xalapa, Ver.- Marcos Su\u00e1rez Dom\u00ednguez, presidente de la Uni\u00f3n de Empresarios Hoteleros de la Regi\u00f3n de Cultura y Aventura dio a conocer que prev\u00e9n un bajo repunte los hoteleros de la regi\u00f3n de Xalapa durante vacaciones de verano. Entrevistado en un caf\u00e9 del centro, se\u00f1al\u00f3 que los hoteleros de Xalapa esperan que durante [&hellip;]<\/p>\n","protected":false},"author":1,"featured_media":15562,"comment_status":"open","ping_status":"open","sticky":false,"template":"","format":"standard","meta":{"_jetpack_memberships_contains_paid_content":false,"footnotes":""},"categories":[3],"tags":[],"class_list":["post-15561","post","type-post","status-publish","format-standard","has-post-thumbnail","hentry","category-xalapa"],"jetpack_featured_media_url":"https:\/\/encuentroinformativo.com.mx\/wp-content\/uploads\/2021\/06\/A850B678-059C-4FCE-B159-1D683F2E623D.jpeg","jetpack_sharing_enabled":true,"jetpack_likes_enabled":true,"amp_enabled":true,"_links":{"self":[{"href":"https:\/\/encuentroinformativo.com.mx\/index.php?rest_route=\/wp\/v2\/posts\/15561","targetHints":{"allow":["GET"]}}],"collection":[{"href":"https:\/\/encuentroinformativo.com.mx\/index.php?rest_route=\/wp\/v2\/posts"}],"about":[{"href":"https:\/\/encuentroinformativo.com.mx\/index.php?rest_route=\/wp\/v2\/types\/post"}],"author":[{"embeddable":true,"href":"https:\/\/encuentroinformativo.com.mx\/index.php?rest_route=\/wp\/v2\/users\/1"}],"replies":[{"embeddable":true,"href":"https:\/\/encuentroinformativo.com.mx\/index.php?rest_route=%2Fwp%2Fv2%2Fcomments&post=15561"}],"version-history":[{"count":1,"href":"https:\/\/encuentroinformativo.com.mx\/index.php?rest_route=\/wp\/v2\/posts\/15561\/revisions"}],"predecessor-version":[{"id":15563,"href":"https:\/\/encuentroinformativo.com.mx\/index.php?rest_route=\/wp\/v2\/posts\/15561\/revisions\/15563"}],"wp:featuredmedia":[{"embeddable":true,"href":"https:\/\/encuentroinformativo.com.mx\/index.php?rest_route=\/wp\/v2\/media\/15562"}],"wp:attachment":[{"href":"https:\/\/encuentroinformativo.com.mx\/index.php?rest_route=%2Fwp%2Fv2%2Fmedia&parent=15561"}],"wp:term":[{"taxonomy":"category","embeddable":true,"href":"https:\/\/encuentroinformativo.com.mx\/index.php?rest_route=%2Fwp%2Fv2%2Fcategories&post=15561"},{"taxonomy":"post_tag","embeddable":true,"href":"https:\/\/encuentroinformativo.com.mx\/index.php?rest_route=%2Fwp%2Fv2%2Ftags&post=15561"}],"curies":[{"name":"wp","href":"https:\/\/api.w.org\/{rel}","templated":true}]}}