{"id":15564,"date":"2021-06-22T16:50:33","date_gmt":"2021-06-22T21:50:33","guid":{"rendered":"https:\/\/encuentroinformativo.com.mx\/?p=15564"},"modified":"2021-06-22T16:50:37","modified_gmt":"2021-06-22T21:50:37","slug":"oficial-aumento-del-kilo-de-tortillas","status":"publish","type":"post","link":"https:\/\/encuentroinformativo.com.mx\/?p=15564","title":{"rendered":"Oficial, aumento del kilo de tortillas"},"content":{"rendered":"\n<p><strong>Dar\u00edo Pale<\/strong><\/p>\n\n\n\n<p>Xalapa, Ver.- El presidente de la Alianza Xalape\u00f1a de Productores de Tortilla, Mario Lambert Candanedo se\u00f1al\u00f3 que a partir de \u00e9ste lunes, se notific\u00f3 en algunas tortiller\u00edas que el kilo de la tortilla tendr\u00e1 un costo de 16 pesos.<\/p>\n\n\n\n<p>Desde hace unos d\u00edas, productores de tortillas informaron que en Veracruz se tendr\u00eda un incremento de tortillas, explicando que en algunos casos pasar\u00eda de 11 o 12 pesos hasta los 16 pesos.<\/p>\n\n\n\n<p>Se\u00f1alaron que el incremento se da a consecuencia de que algunos insumos tambi\u00e9n subieron sus costos hace unos d\u00edas.<\/p>\n\n\n\n<p>Para ello, los negocios de tortillas colocaron un anuncio que estipula: \u201cEstimado cliente: Le informamos que a partir del lunes 21 de junio del 2021 debido al aumento excesivo en los insumos para la elaboraci\u00f3n de nuestro producto nos vemos en la necesidad de ajustar el precio en la siguiente manera: Tortilla 16 kg\u201d.<\/p>\n\n\n\n<p>Se tratan de alrededor de 200 las tortiller\u00edas que operan en la ciudad y, las cuales decidieron incrementar sus costos de venta, pues comentan que con la pandemia el consumo tambi\u00e9n ha disminuido.<\/p>\n\n\n\n<p>Finalmente cabe mencionar que este aumento se aplicar\u00e1 en negocios de Xalapa y municipios como Emiliano Zapata, Coatepec y Banderilla.<\/p>\n","protected":false},"excerpt":{"rendered":"<p>Dar\u00edo Pale Xalapa, Ver.- El presidente de la Alianza Xalape\u00f1a de Productores de Tortilla, Mario Lambert Candanedo se\u00f1al\u00f3 que a partir de \u00e9ste lunes, se notific\u00f3 en algunas tortiller\u00edas que el kilo de la tortilla tendr\u00e1 un costo de 16 pesos. Desde hace unos d\u00edas, productores de tortillas informaron que en Veracruz se tendr\u00eda un [&hellip;]<\/p>\n","protected":false},"author":1,"featured_media":15565,"comment_status":"open","ping_status":"open","sticky":false,"template":"","format":"standard","meta":{"_jetpack_memberships_contains_paid_content":false,"footnotes":""},"categories":[3],"tags":[],"class_list":["post-15564","post","type-post","status-publish","format-standard","has-post-thumbnail","hentry","category-xalapa"],"jetpack_featured_media_url":"https:\/\/encuentroinformativo.com.mx\/wp-content\/uploads\/2021\/06\/91693445-D312-4A5E-9022-979C17D814B2.jpeg","jetpack_sharing_enabled":true,"jetpack_likes_enabled":true,"amp_enabled":true,"_links":{"self":[{"href":"https:\/\/encuentroinformativo.com.mx\/index.php?rest_route=\/wp\/v2\/posts\/15564","targetHints":{"allow":["GET"]}}],"collection":[{"href":"https:\/\/encuentroinformativo.com.mx\/index.php?rest_route=\/wp\/v2\/posts"}],"about":[{"href":"https:\/\/encuentroinformativo.com.mx\/index.php?rest_route=\/wp\/v2\/types\/post"}],"author":[{"embeddable":true,"href":"https:\/\/encuentroinformativo.com.mx\/index.php?rest_route=\/wp\/v2\/users\/1"}],"replies":[{"embeddable":true,"href":"https:\/\/encuentroinformativo.com.mx\/index.php?rest_route=%2Fwp%2Fv2%2Fcomments&post=15564"}],"version-history":[{"count":1,"href":"https:\/\/encuentroinformativo.com.mx\/index.php?rest_route=\/wp\/v2\/posts\/15564\/revisions"}],"predecessor-version":[{"id":15566,"href":"https:\/\/encuentroinformativo.com.mx\/index.php?rest_route=\/wp\/v2\/posts\/15564\/revisions\/15566"}],"wp:featuredmedia":[{"embeddable":true,"href":"https:\/\/encuentroinformativo.com.mx\/index.php?rest_route=\/wp\/v2\/media\/15565"}],"wp:attachment":[{"href":"https:\/\/encuentroinformativo.com.mx\/index.php?rest_route=%2Fwp%2Fv2%2Fmedia&parent=15564"}],"wp:term":[{"taxonomy":"category","embeddable":true,"href":"https:\/\/encuentroinformativo.com.mx\/index.php?rest_route=%2Fwp%2Fv2%2Fcategories&post=15564"},{"taxonomy":"post_tag","embeddable":true,"href":"https:\/\/encuentroinformativo.com.mx\/index.php?rest_route=%2Fwp%2Fv2%2Ftags&post=15564"}],"curies":[{"name":"wp","href":"https:\/\/api.w.org\/{rel}","templated":true}]}}