{"id":15570,"date":"2021-06-22T17:39:00","date_gmt":"2021-06-22T22:39:00","guid":{"rendered":"https:\/\/encuentroinformativo.com.mx\/?p=15570"},"modified":"2021-06-22T17:39:04","modified_gmt":"2021-06-22T22:39:04","slug":"ante-deterioro-preparan-rehabilitacion-de-edificio-del-ivd","status":"publish","type":"post","link":"https:\/\/encuentroinformativo.com.mx\/?p=15570","title":{"rendered":"Ante deterioro, preparan rehabilitaci\u00f3n de edificio del IVD"},"content":{"rendered":"\n<p><strong>Alejandro \u00c1vila<\/strong><\/p>\n\n\n\n<p>Boca del R\u00edo, Ver.- El edificio sede del Instituto Veracruzano del Deporte se encuentra en total abandono y a punto de colapsar; sin embargo, se estima que en el mes de septiembre se inicie la primer etapa de su rehabilitaci\u00f3n.<\/p>\n\n\n\n<p>El inmueble de 4 pisos, nunca fue utilizado al cien por ciento por falta de personal, por lo que se presume podr\u00eda en esta ocasi\u00f3n compartir oficinas con alguna otra dependencia estatal, que aporte de su presupuesto para su mejora, al inicio de la administraci\u00f3n de Cuitl\u00e1huac Garc\u00eda Jim\u00e9nez, se dijo que ser\u00eda la Secretar\u00eda de Medio Ambiente quien compartir\u00eda gastos.<\/p>\n\n\n\n<p>En entrevista, el encargado de despacho del IVD, Jos\u00e9 Alberto Nava Lozano, dijo desconocer el presupuesto que se necesita para la rehabilitaci\u00f3n al cien por ciento y quien invertir\u00e1 en ello, puesto que solo le fue informado que atender\u00e1n el asunto a la brevedad.<\/p>\n\n\n\n<p>Actualmente, solo funciona el gimnasio &#8220;Romary Rifka&#8221; en la planta baja, esto a un 70 por ciento, fueron desalojados los integrantes de la escuela de boxeo y toda el \u00e1rea administrativa que opera en el Centro de Raqueta, a unos metros del edificio sede.<\/p>\n\n\n\n<p>El inmueble presenta canceler\u00eda rota, falta de impermeabilizaci\u00f3n, problemas en tuber\u00edas y desprendimiento de estructura (en 2019 cayeron trozos de pared sobre la calle Alaminos).<\/p>\n\n\n\n<p>&#8220;Tenemos ah\u00ed un proyecto para rehabilitar el edificio que tiene ya algunos a\u00f1os abandonado, que la verdad es una pena, una tristeza ver como se est\u00e1 cayendo a pedazos, ya estamos en pl\u00e1ticas y esperemos que antes de que termine el a\u00f1o podamos ver cuando menos los trabajos, ojal\u00e1 y si se da el proyecto, a lo mejor ya tenerlo para usarse&#8221;, mencion\u00f3.<\/p>\n\n\n\n<p>El Instituto Veracruzano del Deporte (IVD) depende de la Secretar\u00eda de Educaci\u00f3n de Veracruz, la cual ha otorgado para este 2021 el presupuesto m\u00e1s bajo en toda la historia del deporte en Veracruz (85 millones de pesos); atletas acusaron desde inicios de a\u00f1o la falta de apoyos para campamentos y viajes, debido a que, presuntamente, el dinero para el deporte fue enviado para campa\u00f1as pol\u00edticas, acusaron los afectados.<\/p>\n","protected":false},"excerpt":{"rendered":"<p>Alejandro \u00c1vila Boca del R\u00edo, Ver.- El edificio sede del Instituto Veracruzano del Deporte se encuentra en total abandono y a punto de colapsar; sin embargo, se estima que en el mes de septiembre se inicie la primer etapa de su rehabilitaci\u00f3n. El inmueble de 4 pisos, nunca fue utilizado al cien por ciento por [&hellip;]<\/p>\n","protected":false},"author":1,"featured_media":15571,"comment_status":"open","ping_status":"open","sticky":false,"template":"","format":"standard","meta":{"_jetpack_memberships_contains_paid_content":false,"footnotes":""},"categories":[2],"tags":[],"class_list":["post-15570","post","type-post","status-publish","format-standard","has-post-thumbnail","hentry","category-estado"],"jetpack_featured_media_url":"https:\/\/encuentroinformativo.com.mx\/wp-content\/uploads\/2021\/06\/63C79E45-7AD7-4856-81A6-3BCF0734F278.jpeg","jetpack_sharing_enabled":true,"jetpack_likes_enabled":true,"amp_enabled":true,"_links":{"self":[{"href":"https:\/\/encuentroinformativo.com.mx\/index.php?rest_route=\/wp\/v2\/posts\/15570","targetHints":{"allow":["GET"]}}],"collection":[{"href":"https:\/\/encuentroinformativo.com.mx\/index.php?rest_route=\/wp\/v2\/posts"}],"about":[{"href":"https:\/\/encuentroinformativo.com.mx\/index.php?rest_route=\/wp\/v2\/types\/post"}],"author":[{"embeddable":true,"href":"https:\/\/encuentroinformativo.com.mx\/index.php?rest_route=\/wp\/v2\/users\/1"}],"replies":[{"embeddable":true,"href":"https:\/\/encuentroinformativo.com.mx\/index.php?rest_route=%2Fwp%2Fv2%2Fcomments&post=15570"}],"version-history":[{"count":1,"href":"https:\/\/encuentroinformativo.com.mx\/index.php?rest_route=\/wp\/v2\/posts\/15570\/revisions"}],"predecessor-version":[{"id":15572,"href":"https:\/\/encuentroinformativo.com.mx\/index.php?rest_route=\/wp\/v2\/posts\/15570\/revisions\/15572"}],"wp:featuredmedia":[{"embeddable":true,"href":"https:\/\/encuentroinformativo.com.mx\/index.php?rest_route=\/wp\/v2\/media\/15571"}],"wp:attachment":[{"href":"https:\/\/encuentroinformativo.com.mx\/index.php?rest_route=%2Fwp%2Fv2%2Fmedia&parent=15570"}],"wp:term":[{"taxonomy":"category","embeddable":true,"href":"https:\/\/encuentroinformativo.com.mx\/index.php?rest_route=%2Fwp%2Fv2%2Fcategories&post=15570"},{"taxonomy":"post_tag","embeddable":true,"href":"https:\/\/encuentroinformativo.com.mx\/index.php?rest_route=%2Fwp%2Fv2%2Ftags&post=15570"}],"curies":[{"name":"wp","href":"https:\/\/api.w.org\/{rel}","templated":true}]}}