{"id":15573,"date":"2021-06-22T18:17:46","date_gmt":"2021-06-22T23:17:46","guid":{"rendered":"https:\/\/encuentroinformativo.com.mx\/?p=15573"},"modified":"2021-06-22T18:17:50","modified_gmt":"2021-06-22T23:17:50","slug":"veracruz-puerto-prioridad-para-aplicar-vacuna-afirma-delegado","status":"publish","type":"post","link":"https:\/\/encuentroinformativo.com.mx\/?p=15573","title":{"rendered":"Veracruz puerto prioridad para aplicar vacuna, afirma Delegado"},"content":{"rendered":"\n<p><strong>Alejandro \u00c1vila<\/strong><\/p>\n\n\n\n<p>Veracruz, Ver.- El delegado federal, Manuel Huerta Ladr\u00f3n de Guevara, asegur\u00f3 que debido a la movilidad que existe en el municipio de Veracruz y a que actualmente se encuentra en semaforo rojo por el alto n\u00famero de contagios, este lugar ser\u00e1 prioridad en la vacunaci\u00f3n contra COVID-19.<\/p>\n\n\n\n<p>Los municipios turisticos y la zona fronteriza, son los que ahora estar\u00e1n en la primer linea para vacunar, mencion\u00f3 Huerta Ladr\u00f3n de Guevara.<\/p>\n\n\n\n<p>&#8220;Veracruz es un municipio importante, no solo por su nivel epidemiol\u00f3gico, sino tambi\u00e9n por la movilidad del puerto y su caracter\u00edstica tur\u00edstica&#8221;, subray\u00f3.<\/p>\n\n\n\n<p>Agreg\u00f3 que ser\u00e1 este&nbsp;fin de semana cuando de a conocer los municipios en los que se iniciar\u00e1 la vacunaci\u00f3n al grupo de ciudadanos entre 40 a 49 a\u00f1os.<\/p>\n\n\n\n<p>&#8220;El fin de semana lo sabremos, porque ahorita en el pa\u00eds hay un manejo de la vacuna de acuerdo algunas prioridades que el Consejo Nacional de Vacunaci\u00f3n est\u00e1 dando donde s\u00ed cuenta mucho el riesgo epidemiol\u00f3gico, el patr\u00f3n sem\u00e1foro&#8221;, expres\u00f3.<\/p>\n\n\n\n<p>Finalmente, a partir de este lunes, se dio a conocer que las personas entre 30 y 39 a\u00f1os, podr\u00e1n empezar a registrarse para recibir la primer dosis de vacuna, misma que deber\u00eda quedar antes de terminar el mes de julio.<\/p>\n","protected":false},"excerpt":{"rendered":"<p>Alejandro \u00c1vila Veracruz, Ver.- El delegado federal, Manuel Huerta Ladr\u00f3n de Guevara, asegur\u00f3 que debido a la movilidad que existe en el municipio de Veracruz y a que actualmente se encuentra en semaforo rojo por el alto n\u00famero de contagios, este lugar ser\u00e1 prioridad en la vacunaci\u00f3n contra COVID-19. Los municipios turisticos y la zona [&hellip;]<\/p>\n","protected":false},"author":1,"featured_media":15574,"comment_status":"open","ping_status":"open","sticky":false,"template":"","format":"standard","meta":{"_jetpack_memberships_contains_paid_content":false,"footnotes":""},"categories":[2],"tags":[],"class_list":["post-15573","post","type-post","status-publish","format-standard","has-post-thumbnail","hentry","category-estado"],"jetpack_featured_media_url":"https:\/\/encuentroinformativo.com.mx\/wp-content\/uploads\/2021\/06\/633FD0F9-2CDD-49B5-AEB0-9C7C2DBFF081.jpeg","jetpack_sharing_enabled":true,"jetpack_likes_enabled":true,"amp_enabled":true,"_links":{"self":[{"href":"https:\/\/encuentroinformativo.com.mx\/index.php?rest_route=\/wp\/v2\/posts\/15573","targetHints":{"allow":["GET"]}}],"collection":[{"href":"https:\/\/encuentroinformativo.com.mx\/index.php?rest_route=\/wp\/v2\/posts"}],"about":[{"href":"https:\/\/encuentroinformativo.com.mx\/index.php?rest_route=\/wp\/v2\/types\/post"}],"author":[{"embeddable":true,"href":"https:\/\/encuentroinformativo.com.mx\/index.php?rest_route=\/wp\/v2\/users\/1"}],"replies":[{"embeddable":true,"href":"https:\/\/encuentroinformativo.com.mx\/index.php?rest_route=%2Fwp%2Fv2%2Fcomments&post=15573"}],"version-history":[{"count":1,"href":"https:\/\/encuentroinformativo.com.mx\/index.php?rest_route=\/wp\/v2\/posts\/15573\/revisions"}],"predecessor-version":[{"id":15575,"href":"https:\/\/encuentroinformativo.com.mx\/index.php?rest_route=\/wp\/v2\/posts\/15573\/revisions\/15575"}],"wp:featuredmedia":[{"embeddable":true,"href":"https:\/\/encuentroinformativo.com.mx\/index.php?rest_route=\/wp\/v2\/media\/15574"}],"wp:attachment":[{"href":"https:\/\/encuentroinformativo.com.mx\/index.php?rest_route=%2Fwp%2Fv2%2Fmedia&parent=15573"}],"wp:term":[{"taxonomy":"category","embeddable":true,"href":"https:\/\/encuentroinformativo.com.mx\/index.php?rest_route=%2Fwp%2Fv2%2Fcategories&post=15573"},{"taxonomy":"post_tag","embeddable":true,"href":"https:\/\/encuentroinformativo.com.mx\/index.php?rest_route=%2Fwp%2Fv2%2Ftags&post=15573"}],"curies":[{"name":"wp","href":"https:\/\/api.w.org\/{rel}","templated":true}]}}