{"id":15576,"date":"2021-06-22T19:49:43","date_gmt":"2021-06-23T00:49:43","guid":{"rendered":"https:\/\/encuentroinformativo.com.mx\/?p=15576"},"modified":"2021-06-22T19:49:48","modified_gmt":"2021-06-23T00:49:48","slug":"alistan-preparativos-para-fiesta-patronal-en-xico","status":"publish","type":"post","link":"https:\/\/encuentroinformativo.com.mx\/?p=15576","title":{"rendered":"Alistan preparativos para fiesta patronal en Xico"},"content":{"rendered":"\n<p><strong>Juan Arcos<\/strong><\/p>\n\n\n\n<p>Xalapa, Ver.- Pese al decreto emitido por el gobierno de Veracruz para evitar aglomeraciones del 22 al 27 de junio, pobladores del municipio de Xico iniciaron los preparativos para la fiesta patronal en honor a Santa Mar\u00eda Magdalena.<\/p>\n\n\n\n<p>Debido a la pandemia del SARS-COV-2 (COVID-19), autoridades municipales de este lugar, ubicado a 23 kil\u00f3metros de Xalapa, la capital del estado, cancelaron por segundo a\u00f1o consecutivo las actividades culturales, religiosas y art\u00edsticas, para evitar la propagaci\u00f3n de la enfermedad.<\/p>\n\n\n\n<p>El Pueblo M\u00e1gico vivir\u00eda sus fiestas patronales de una manera diferente, sin convocatoria a eventos masivos, pero de una manera solemne y emotiva, para no dejar pasar la ocasi\u00f3n.<\/p>\n\n\n\n<p>El pasado 11 de junio inici\u00f3 la actividad conocida como \u201cLa bendici\u00f3n de las semillas\u201d, donde el Sacerdote visita las casas de los ocho mayordomos que atienden a las personas encargadas de los preparativos de la festividad.<\/p>\n\n\n\n<p>El p\u00e1rroco bendice la materia prima con la que se elaborar\u00e1n los alimentos para la gente que acompa\u00f1a a los mayordomos en las distintas actividades.<\/p>\n\n\n\n<p>Esta tradici\u00f3n culminar\u00e1 el pr\u00f3ximo viernes 25 de junio, de manera previa, a los festejos que est\u00e1n programados para el 22 de julio, fecha en que tradicionalmente se realizaba la Xique\u00f1ada, una corrida de toros sobre la calle principal del pueblo, misma que no se llevar\u00e1 a cabo por la pandemia.<\/p>\n\n\n\n<p>Cabe recordar que el a\u00f1o pasado fueron desacatadas las recomendaciones sanitarias por parte de los pobladores, quienes ocasionaron aglomeraciones en algunas de sus festividades, pese a la cancelaci\u00f3n del evento por parte del ayuntamiento de Xico.<\/p>\n\n\n\n<p>Lo anterior, gener\u00f3 un rebrote de contagios en el Pueblo M\u00e1gico, luego de que concluyera la celebraci\u00f3n en honor a Santa Mar\u00eda Magdalena.<\/p>\n\n\n\n<p>En la actualidad, el municipio de Xico se encuentra en sem\u00e1foro epidemiol\u00f3gico color amarillo, de riesgo medio de contagio, al igual que la entidad veracruzana.<\/p>\n\n\n\n<p>Hace unos d\u00edas, Sergio Ulises Montes, director de Asuntos Religiosos del gobierno del estado, record\u00f3 que en la entidad contin\u00faan prohibidas las fiestas patronales por la emergencia sanitaria.<\/p>\n\n\n\n<p>Este martes, el gobernador Cuitl\u00e1huac Garc\u00eda Jim\u00e9nez dio a conocer que fue emitido un decreto que establece la \u201cSemana estatal preventiva por COVID-19: no hagas olas, evita la tercera\u201d, mediante el cual se exhorta, sobre todo a los j\u00f3venes, a evitar aglomeraciones en lugares abiertos o cerrados.<\/p>\n","protected":false},"excerpt":{"rendered":"<p>Juan Arcos Xalapa, Ver.- Pese al decreto emitido por el gobierno de Veracruz para evitar aglomeraciones del 22 al 27 de junio, pobladores del municipio de Xico iniciaron los preparativos para la fiesta patronal en honor a Santa Mar\u00eda Magdalena. Debido a la pandemia del SARS-COV-2 (COVID-19), autoridades municipales de este lugar, ubicado a 23 [&hellip;]<\/p>\n","protected":false},"author":1,"featured_media":15577,"comment_status":"open","ping_status":"open","sticky":false,"template":"","format":"standard","meta":{"_jetpack_memberships_contains_paid_content":false,"footnotes":""},"categories":[8],"tags":[],"class_list":["post-15576","post","type-post","status-publish","format-standard","has-post-thumbnail","hentry","category-region"],"jetpack_featured_media_url":"https:\/\/encuentroinformativo.com.mx\/wp-content\/uploads\/2021\/06\/0C6ED83E-F82E-49AA-86B9-037DD4C0423D.jpeg","jetpack_sharing_enabled":true,"jetpack_likes_enabled":true,"amp_enabled":true,"_links":{"self":[{"href":"https:\/\/encuentroinformativo.com.mx\/index.php?rest_route=\/wp\/v2\/posts\/15576","targetHints":{"allow":["GET"]}}],"collection":[{"href":"https:\/\/encuentroinformativo.com.mx\/index.php?rest_route=\/wp\/v2\/posts"}],"about":[{"href":"https:\/\/encuentroinformativo.com.mx\/index.php?rest_route=\/wp\/v2\/types\/post"}],"author":[{"embeddable":true,"href":"https:\/\/encuentroinformativo.com.mx\/index.php?rest_route=\/wp\/v2\/users\/1"}],"replies":[{"embeddable":true,"href":"https:\/\/encuentroinformativo.com.mx\/index.php?rest_route=%2Fwp%2Fv2%2Fcomments&post=15576"}],"version-history":[{"count":1,"href":"https:\/\/encuentroinformativo.com.mx\/index.php?rest_route=\/wp\/v2\/posts\/15576\/revisions"}],"predecessor-version":[{"id":15578,"href":"https:\/\/encuentroinformativo.com.mx\/index.php?rest_route=\/wp\/v2\/posts\/15576\/revisions\/15578"}],"wp:featuredmedia":[{"embeddable":true,"href":"https:\/\/encuentroinformativo.com.mx\/index.php?rest_route=\/wp\/v2\/media\/15577"}],"wp:attachment":[{"href":"https:\/\/encuentroinformativo.com.mx\/index.php?rest_route=%2Fwp%2Fv2%2Fmedia&parent=15576"}],"wp:term":[{"taxonomy":"category","embeddable":true,"href":"https:\/\/encuentroinformativo.com.mx\/index.php?rest_route=%2Fwp%2Fv2%2Fcategories&post=15576"},{"taxonomy":"post_tag","embeddable":true,"href":"https:\/\/encuentroinformativo.com.mx\/index.php?rest_route=%2Fwp%2Fv2%2Ftags&post=15576"}],"curies":[{"name":"wp","href":"https:\/\/api.w.org\/{rel}","templated":true}]}}