{"id":15580,"date":"2021-06-23T09:24:34","date_gmt":"2021-06-23T14:24:34","guid":{"rendered":"https:\/\/encuentroinformativo.com.mx\/?p=15580"},"modified":"2021-06-23T09:24:38","modified_gmt":"2021-06-23T14:24:38","slug":"pepe-el-toro-es-inocente","status":"publish","type":"post","link":"https:\/\/encuentroinformativo.com.mx\/?p=15580","title":{"rendered":"\u00a1Pepe el Toro es inocente!"},"content":{"rendered":"\n<p>Qui\u00e9n dir\u00eda que hoy, casi 70 a\u00f1os despu\u00e9s de que Ismael Rodr\u00edguez, sin querer o no, hiciera de la pobreza una virtud, hoy tenemos a un presidente que igual la pondera<br><br><strong>Los Pol\u00edticos<\/strong><\/p>\n\n\n\n<p><strong>Salvador Mu\u00f1oz<\/strong><\/p>\n\n\n\n<p>Si hay una pel\u00edcula que se haya arraigado en el alma del mexicano, sin duda alguna es Nosotros los Pobres (Ismael Rodr\u00edguez, 1948). Deje usted el acentito peculiar casi cantado que imprimieron los actores a sus personajes, o ese tema musical que hizo vibrar el coraz\u00f3n de tanta \u201cChorreada\u201d (Amorcito coraz\u00f3n\u2026 yo tengo tentaci\u00f3n\u2026). Estoy seguro que a un grueso, muy grueso sector de la poblaci\u00f3n les concedi\u00f3 algo muy peculiar: identidad.<\/p>\n\n\n\n<p>S\u00ed, el pueblo se identific\u00f3 con un Pepe, El Toro; con una Chachita; con una Chorreada; o vio en otros personajes a su Camellito, a la Guayaba y la Tostada, y una gama de sujetos que si no eran igual a ellos, les sembraron el inter\u00e9s de ser igual a ellos.<\/p>\n\n\n\n<p>Entonces, el ser Pobre tuvo una singularidad: eras honesto como Pepe el Toro; defend\u00edas la honra de tu familia, como Pepe, el Toro; podr\u00edas ser feliz entre la pobreza, pero al lado de tu familia, como Pepe, el Toro\u2026 s\u00ed, en pocas palabras, el ser Pobre era una especie de cualidad, de virtud, fortaleza. \u00bfMalos? \u00a1Los ricos! en una de \u00e9sas, la clase media que igual ve\u00eda de arriba para abajo al pobre, que lo rechazaba, que lo humillaba si pod\u00eda, o hasta lo estafaba y pocas muy pocas veces se solidarizaba con su tragedia. \u00a1Solidarios los pobres!<\/p>\n\n\n\n<p>\u00bfRecuerdan cuando los cuates de Pepe el Toro delinquen con tal de seguir a su amigo \u00a1hasta la misma c\u00e1rcel!?<\/p>\n\n\n\n<p>En pocas palabras, Nosotros los Pobres legitima la pobreza, la hace incluso virtud y por ende, el tema aspiracional lo corta de tajo porque la clase media es ojete con los de abajo a pesar de que hayan subido pelda\u00f1os en su estatus social; y la clase alta, dijera la canci\u00f3n \u201cp\u2019abajo no sabe voltear\u201d.<\/p>\n\n\n\n<p>El mismo Ismael Rodr\u00edguez nos lo advierte al inicio de su pel\u00edcula, cuando dos ni\u00f1os sacan de entre la basura un libro y lo empiezan a hojear:<\/p>\n\n\n\n<p>\u201cEn esta historia ustedes encontrar\u00e1n frases crudas, expresiones descarnadas, situaciones audaces\u2026 pero me acojo al amplio criterio de ustedes, pues mi intenci\u00f3n ha sido presentar una fiel estampa de estos personajes de nuestros barrios pobres \u2013existentes en toda gran urbe\u2013 en donde, al lado de los siete pecados capitales, florecen todas las virtudes y noblezas y el m\u00e1s grande de los hero\u00edsmos: \u00a1el de la pobreza!\u201d<\/p>\n\n\n\n<p>Despu\u00e9s de Nosotros los Pobres, el estatus se hizo c\u00f3mico&#8230; si bien pudiera perderse la dignidad, no la felicidad. ridiculizar la pobreza con frases como \u201cPobre pobre, pero honrado\u201d, en alguna pel\u00edcula de Jos\u00e9 Jos\u00e9. O ridiculizarse en pel\u00edculas como Los Beverly de Peralvillo o m\u00e1s tarde, El Premio Mayor\u2026 el naco aspiracional entre la alta sociedad.<\/p>\n\n\n\n<p>Qui\u00e9n dir\u00eda que hoy, casi 70 a\u00f1os despu\u00e9s de que Ismael Rodr\u00edguez, sin querer o no, hiciera de la pobreza una virtud, hoy tenemos a un presidente que igual la pondera y lo mejor a\u00fan, que hace que el Pueblo, el pobre, se identifique con \u00e9l porque viste como \u00e9l, come como \u00e9l, \u00a1habla como \u00e9l! y rechaza a los fif\u00eds, a los ricos, a los que m\u00e1s tienen, y tambi\u00e9n a esa clase media que rechaza al pobre y aspira a ser algo m\u00e1s\u2026<\/p>\n\n\n\n<p>Si bien, Nosotros los Pobres plantea un escenario crudo pero envuelto en las bondades de sus personajes principales, contribuye en mucho de manera indirecta a la resignaci\u00f3n de ser pobre\u2026 \u00bfcomo se plantea ahora desde Palacio de Gobierno? Es pregunta.<\/p>\n\n\n\n<p>Por supuesto, no es lo mismo Nosotros los Pobres que Los Olvidados (Luis Bu\u00f1uel, 1950). El escenario de Ismael Rodr\u00edguez contrasta con el de Bu\u00f1uel\u2026 pero cada quien ve la pel\u00edcula que quiere\u2026 y algo nos debe quedar en claro con todo esto: \u00a1Pepe, el Toro, es inocente!<\/p>\n\n\n\n<p><br><a>smcainito@gmail.com<\/a><\/p>\n","protected":false},"excerpt":{"rendered":"<p>Qui\u00e9n dir\u00eda que hoy, casi 70 a\u00f1os despu\u00e9s de que Ismael Rodr\u00edguez, sin querer o no, hiciera de la pobreza una virtud, hoy tenemos a un presidente que igual la pondera Los Pol\u00edticos Salvador Mu\u00f1oz Si hay una pel\u00edcula que se haya arraigado en el alma del mexicano, sin duda alguna es Nosotros los Pobres [&hellip;]<\/p>\n","protected":false},"author":1,"featured_media":70,"comment_status":"open","ping_status":"open","sticky":false,"template":"","format":"standard","meta":{"_jetpack_memberships_contains_paid_content":false,"footnotes":""},"categories":[11],"tags":[],"class_list":["post-15580","post","type-post","status-publish","format-standard","has-post-thumbnail","hentry","category-opinion"],"jetpack_featured_media_url":"https:\/\/encuentroinformativo.com.mx\/wp-content\/uploads\/2020\/02\/opinion-invitado.jpg","jetpack_sharing_enabled":true,"jetpack_likes_enabled":true,"amp_enabled":true,"_links":{"self":[{"href":"https:\/\/encuentroinformativo.com.mx\/index.php?rest_route=\/wp\/v2\/posts\/15580","targetHints":{"allow":["GET"]}}],"collection":[{"href":"https:\/\/encuentroinformativo.com.mx\/index.php?rest_route=\/wp\/v2\/posts"}],"about":[{"href":"https:\/\/encuentroinformativo.com.mx\/index.php?rest_route=\/wp\/v2\/types\/post"}],"author":[{"embeddable":true,"href":"https:\/\/encuentroinformativo.com.mx\/index.php?rest_route=\/wp\/v2\/users\/1"}],"replies":[{"embeddable":true,"href":"https:\/\/encuentroinformativo.com.mx\/index.php?rest_route=%2Fwp%2Fv2%2Fcomments&post=15580"}],"version-history":[{"count":1,"href":"https:\/\/encuentroinformativo.com.mx\/index.php?rest_route=\/wp\/v2\/posts\/15580\/revisions"}],"predecessor-version":[{"id":15581,"href":"https:\/\/encuentroinformativo.com.mx\/index.php?rest_route=\/wp\/v2\/posts\/15580\/revisions\/15581"}],"wp:featuredmedia":[{"embeddable":true,"href":"https:\/\/encuentroinformativo.com.mx\/index.php?rest_route=\/wp\/v2\/media\/70"}],"wp:attachment":[{"href":"https:\/\/encuentroinformativo.com.mx\/index.php?rest_route=%2Fwp%2Fv2%2Fmedia&parent=15580"}],"wp:term":[{"taxonomy":"category","embeddable":true,"href":"https:\/\/encuentroinformativo.com.mx\/index.php?rest_route=%2Fwp%2Fv2%2Fcategories&post=15580"},{"taxonomy":"post_tag","embeddable":true,"href":"https:\/\/encuentroinformativo.com.mx\/index.php?rest_route=%2Fwp%2Fv2%2Ftags&post=15580"}],"curies":[{"name":"wp","href":"https:\/\/api.w.org\/{rel}","templated":true}]}}