{"id":15582,"date":"2021-06-23T09:29:45","date_gmt":"2021-06-23T14:29:45","guid":{"rendered":"https:\/\/encuentroinformativo.com.mx\/?p=15582"},"modified":"2021-06-23T09:29:49","modified_gmt":"2021-06-23T14:29:49","slug":"cambios-inevitables","status":"publish","type":"post","link":"https:\/\/encuentroinformativo.com.mx\/?p=15582","title":{"rendered":"CAMBIOS INEVITABLES"},"content":{"rendered":"\n<p><strong>@pablojair<\/strong><\/p>\n\n\n\n<ul class=\"wp-block-list\"><li>El superdelegado Manuel Huerta lo vio y lo dijo desde antes.<\/li><li>Detienen al presunto asesino de candidato de MC en Cazones.<\/li><li>Veracruz, lejos de los primeros lugares de inseguridad.<\/li><\/ul>\n\n\n\n<p>Justo cuando pens\u00e9 que Metallica no pod\u00eda ser m\u00e1s chafa,<br>ah\u00ed van de babosos a jalar un reguetonero.<br>\u2014Chopenjawer metalero<\/p>\n\n\n\n<p>Inevitablemente, al pasar las elecciones intermedias, los gobernantes tienden a analizar c\u00f3mo va su administraci\u00f3n a la mitad de su periodo y qui\u00e9nes son los funcionarios que merecen quedarse en el gabinete con base en los resultados de su gesti\u00f3n.<\/p>\n\n\n\n<p>Tambi\u00e9n eval\u00faan su lealtad, su disposici\u00f3n y su determinante operaci\u00f3n en elecciones.<\/p>\n\n\n\n<p>Las renuncias de funcionarios o titulares de despacho siempre ser\u00e1n por motivos personales, de salud o porque se integran a otra oficina. Rara vez se sabe la verdad y s\u00f3lo existen especulaciones al respecto. S\u00f3lo algunos c\u00edrculos muy cercanos tienen toda la pel\u00edcula.<\/p>\n\n\n\n<p>Evidentemente, muchos de esos que se van ya no caben en el proyecto ni en los planes a futuro.<\/p>\n\n\n\n<p>Hay funcionarios que de plano se tienen qu\u00e9 ir cuando no se ve que est\u00e9n devengando lo que ganan ni merecen los privilegios que les otorga el erario p\u00fablico.<\/p>\n\n\n\n<p>A estas alturas, muchos se convierten en insostenibles y corren el riesgo de convertirse en una carga pesada en una etapa donde el gobernante ya debe ir viendo la sucesi\u00f3n, los pendientes y el cierre de la administraci\u00f3n.<\/p>\n\n\n\n<p>En este sentido, los cambios son necesarios porque tambi\u00e9n los cargos tienen un desgaste natural; los secretarios ya no rinden igual o de plano nunca dieron el ancho para la responsabilidad que se les confiri\u00f3. Lo que no hicieron en la mitad del periodo gubernamental, dif\u00edcilmente podr\u00e1n compensarlo en el resto del tiempo.<\/p>\n\n\n\n<p>Que pueden venir m\u00e1s cambios: todo puede suceder.<\/p>\n\n\n\n<p>Pero no se pongan nerviosos en Veracruz: este martes, desde Palacio de Gobierno, el gobernador Cuitl\u00e1huac Garc\u00eda Jim\u00e9nez inform\u00f3 que luego de la renuncia de Eduardo Cadena Cer\u00f3n a la titularidad de la Sedarpa, no prev\u00e9 m\u00e1s cambios en su gabinete, al menos en el corto plazo.<\/p>\n\n\n\n<p>De lo que hablamos p\u00e1rrafos arriba, es m\u00e1s para el escenario nacional.<\/p>\n\n\n\n<p>AMLO SE DESHACE DE IRMA ER\u00c9NDIRA Y ACKERMAN<\/p>\n\n\n\n<p>Quienes comenzaron una guerra interna que deriv\u00f3 en problemas para Morena (y por ende al presidente) fueron el matrimonio Ackerman\/Sandoval.<\/p>\n\n\n\n<p>John Ackerman es famoso en M\u00e9xico por ser uno de los ide\u00f3logos m\u00e1s aferrados de la Cuarta Transformeishion, pero adem\u00e1s uno de los personajes que lleg\u00f3 a extremos de argumentar absurdos para justificar errores del r\u00e9gimen. Ha sido un propagandista efectivo, aunque \u2014por su extremismo\u2014 poco a poco fue cayendo en el descr\u00e9dito.<\/p>\n\n\n\n<p>Su esposa Irma Er\u00e9ndira Sandoval, hasta este lunes, sorpresivamente fue cambiada del gabinete del presidente Andr\u00e9s Manuel L\u00f3pez Obrador y sustituida del cargo de titular de la Secretar\u00eda de la Funci\u00f3n P\u00fablica, la que se supone es la principal punta de lanza para legitimar la bandera de la lucha contra la corrupci\u00f3n.<\/p>\n\n\n\n<p>Si bien Ackerman es un ultra de la 4T, su radicalismo no lo dej\u00f3 ver el escenario nacional ni la manera en que L\u00f3pez Obrador estaba armando el rompecabezas nacional con sus abanderados a gubernaturas (ser\u00eda muy ingenuo pensar que el presidente nada tuvo qu\u00e9 ver con la elecci\u00f3n de candidatos, as\u00ed como que no hubo intervenci\u00f3n del canciller Marcelo Ebrard).<\/p>\n\n\n\n<p>Sobre esto, el matrimonio comenz\u00f3 una guerra interna aprovechando el eco que tiene Ackerman en redes sociales para comenzar a desacreditar al amigo de AMLO, F\u00e9lix Salgado Macedonio, como candidato a la gubernatura de Guerrero (posici\u00f3n que quer\u00eda el matrimonio para el hermano de la hoy renunciada funcionaria) y no se duda que hayan sido ellos quienes hayan echado gasolina al tema incendiario de los presuntos abusos sexuales cometidos por \u201cEl Toro\u201d.<\/p>\n\n\n\n<p>Esa guerra iniciada por el matrimonio Ackerman Sandoval casi le cuesta la gubernatura de Guerrero a Morena, partido que finalmente gan\u00f3 en la entidad, aunque con menor margen de ventaja al que ten\u00eda con F\u00e9lix Salgado como candidato.<\/p>\n\n\n\n<p>Por este asunto, los Ackerman Sandoval parec\u00eda que estaban dispuestos a tumbar uno de los estados basti\u00f3n que tiene el presidente y que necesitaba ganar ante un escenario de cat\u00e1strofe que se avecinaba en la Ciudad de M\u00e9xico.<\/p>\n\n\n\n<p>Es curioso, pero a Irma Er\u00e9ndira la sacan del cargo al a\u00f1o justamente de que se dio a conocer un trabajo del portal LatinUs donde se detallan las diversas propiedades de bienes ra\u00edces que el matrimonio tiene en su haber y que no parecen coincidir con sus recientes ingresos.<\/p>\n\n\n\n<p>Quiz\u00e1s al momento de darse a conocer el asunto que se convirti\u00f3 en esc\u00e1ndalo nacional, ya estaba cantada la suerte de Irma Er\u00e9ndira, pero al ser tiempos electorales prefirieron mejor sacarla del gabinete una vez terminadas las campa\u00f1as y elecciones. Es decir, no hacerla renunciar antes de tiempo para no evidenciar que exist\u00edan conflictos y divisi\u00f3n en el gabinete del presidente.<\/p>\n\n\n\n<p>Para m\u00e1s se\u00f1ales de c\u00f3mo se va tejiendo todo, se dice que el nuevo titular de la SFP, Roberto Salcedo, es cercano al canciller.<\/p>\n\n\n\n<p><strong>NOTA PARA PEGAR EN EL REFRI: <\/strong>El delegado de Bienestar en Veracruz lo sab\u00eda y lo dijo: sab\u00eda que hab\u00eda altas dosis de &#8220;sospechosismo&#8221; \u2014para utilizar argot que suene conocido entre las c\u00fapulas azules\u2014 en el tema de la mentada torre que se erige en el puerto jarocho en detrimento del paisaje y los monumentos hist\u00f3ricos de la ciudad\u2026 En este sentido, Manuel Huerta coment\u00f3 que desde su punto de vista de ciudadano y soci\u00f3logo urbano, aquel armatoste viola por lo menos, 15 leyes de medio ambiente, desarrollo urbano y dem\u00e1s aplicables, pues se sabe que por gracia del Cabildo de la administraci\u00f3n anterior, no cuenta con los permisos necesarios para su construcci\u00f3n. Dos cent\u00edmetros de inteligencia son suficientes para darse cuenta del nivel de corrupci\u00f3n e influyentismo que se involucra en este caso\u2026 Ello, sin tomar en cuenta que el Gobernador de aquel entonces era el pap\u00e1 de la actual autoridad municipal y cabeza de la administraci\u00f3n que exento algunos importantes requisitos como el estudio de impacto ambiental\u2026 A este &#8220;sospechosismo&#8221; se suma el que ning\u00fan due\u00f1o haya salido a defender su obra, sino m\u00e1s bien lo haga el Ayuntamiento y sus autoridades. No vaya a ser que en una de esas, el alcalde y el due\u00f1o sean la misma persona\u2026En este caso no queda m\u00e1s que dejar que las investigaciones tomen su curso y confiar en que desde el gobierno federal se dar\u00e1 el golpe en la mesa. Y aqu\u00ed cabe recordar que hasta el Presidente de la Rep\u00fablica tiene los ojos bien puestos en el tema.<\/p>\n\n\n\n<p><strong>OTRA NOTA: <\/strong>Lo informa el muy informado portal Versiones.com.mx: \u201cTrascendi\u00f3 que la tarde de este martes fue detenido el probable responsable del asesinato de Ren\u00e9 Tovar Tovar, quien fue candidato a alcalde de Cazones por Movimiento Ciudadano (MC). Extraoficialmente se sabe que el detenido ser\u00eda Omar \u201cN\u201d, quien coordin\u00f3 la campa\u00f1a de Ren\u00e9 Tovar y quien posteriormente se registr\u00f3 como candidato emergente a la presidencia municipal de Cazones (\u2026) En su momento, tanto el gobernador Cuitl\u00e1huac Garc\u00eda Jim\u00e9nez, como la Fiscal General del Estado, Ver\u00f3nica Hern\u00e1ndez Giadans, expresaron que dicho crimen no quedar\u00eda impune, por lo que se castigar\u00eda a los responsables. Incluso, en conferencia de prensa ofrecida el lunes 7 de junio, el mandatario estatal inform\u00f3 que en el asesinato de Ren\u00e9 Tovar, hubo tinte pol\u00edtico\u201d.<\/p>\n\n\n\n<p><strong>LA \u00daLTIMA PORQUE LO DE METALLICA ME TIENE PE\u00cdDO: <\/strong>Durante conferencia de prensa de este martes, el gobernador Cuitl\u00e1huac Garc\u00eda Jim\u00e9nez asegur\u00f3 que en Veracruz el gobierno ya no pacta con la delincuencia lo que da como resultado que hayan descendido el n\u00famero de delitos: \u201cActuamos distinto a los anteriores gobiernos que pactaban con los grupos delincuenciales, con los c\u00e1rteles, cerraban los ojos y tend\u00edan un manto de impunidad, no tocaban a los jefes de plaza, a unos los defend\u00edan y a otros les litigaban. Aqu\u00ed no, vamos parejo y el que no lo quiera entender se enfrentar\u00e1 a la justicia con todo el peso de la ley\u201d\u2026 Otro aspecto en este tema, y en el que enfatiz\u00f3 el mandatario estatal, es que existe una nueva estrategia para atender los detonantes de la inseguridad en el que uno de los ejes principales es la atenci\u00f3n a los j\u00f3venes: \u201cSuperamos los 500 mil j\u00f3venes ya sea con becas de preparatoria, primaria, secundaria y licenciatura, o el programa Construyendo el Futuro\u201d, agregando que han sido disminuidas las cuotas y ampliadas las matr\u00edculas de institutos tecnol\u00f3gicos, a fin de que los chavos est\u00e9n mejor en las aulas y no en la calle.<\/p>\n","protected":false},"excerpt":{"rendered":"<p>@pablojair El superdelegado Manuel Huerta lo vio y lo dijo desde antes. Detienen al presunto asesino de candidato de MC en Cazones. Veracruz, lejos de los primeros lugares de inseguridad. Justo cuando pens\u00e9 que Metallica no pod\u00eda ser m\u00e1s chafa,ah\u00ed van de babosos a jalar un reguetonero.\u2014Chopenjawer metalero Inevitablemente, al pasar las elecciones intermedias, los [&hellip;]<\/p>\n","protected":false},"author":1,"featured_media":488,"comment_status":"open","ping_status":"open","sticky":false,"template":"","format":"standard","meta":{"_jetpack_memberships_contains_paid_content":false,"footnotes":""},"categories":[11],"tags":[],"class_list":["post-15582","post","type-post","status-publish","format-standard","has-post-thumbnail","hentry","category-opinion"],"jetpack_featured_media_url":"https:\/\/encuentroinformativo.com.mx\/wp-content\/uploads\/2020\/03\/F471F608-BA1A-416B-BA7B-BCFB24F4E6D0.jpeg","jetpack_sharing_enabled":true,"jetpack_likes_enabled":true,"amp_enabled":true,"_links":{"self":[{"href":"https:\/\/encuentroinformativo.com.mx\/index.php?rest_route=\/wp\/v2\/posts\/15582","targetHints":{"allow":["GET"]}}],"collection":[{"href":"https:\/\/encuentroinformativo.com.mx\/index.php?rest_route=\/wp\/v2\/posts"}],"about":[{"href":"https:\/\/encuentroinformativo.com.mx\/index.php?rest_route=\/wp\/v2\/types\/post"}],"author":[{"embeddable":true,"href":"https:\/\/encuentroinformativo.com.mx\/index.php?rest_route=\/wp\/v2\/users\/1"}],"replies":[{"embeddable":true,"href":"https:\/\/encuentroinformativo.com.mx\/index.php?rest_route=%2Fwp%2Fv2%2Fcomments&post=15582"}],"version-history":[{"count":1,"href":"https:\/\/encuentroinformativo.com.mx\/index.php?rest_route=\/wp\/v2\/posts\/15582\/revisions"}],"predecessor-version":[{"id":15583,"href":"https:\/\/encuentroinformativo.com.mx\/index.php?rest_route=\/wp\/v2\/posts\/15582\/revisions\/15583"}],"wp:featuredmedia":[{"embeddable":true,"href":"https:\/\/encuentroinformativo.com.mx\/index.php?rest_route=\/wp\/v2\/media\/488"}],"wp:attachment":[{"href":"https:\/\/encuentroinformativo.com.mx\/index.php?rest_route=%2Fwp%2Fv2%2Fmedia&parent=15582"}],"wp:term":[{"taxonomy":"category","embeddable":true,"href":"https:\/\/encuentroinformativo.com.mx\/index.php?rest_route=%2Fwp%2Fv2%2Fcategories&post=15582"},{"taxonomy":"post_tag","embeddable":true,"href":"https:\/\/encuentroinformativo.com.mx\/index.php?rest_route=%2Fwp%2Fv2%2Ftags&post=15582"}],"curies":[{"name":"wp","href":"https:\/\/api.w.org\/{rel}","templated":true}]}}