{"id":15586,"date":"2021-06-23T10:34:40","date_gmt":"2021-06-23T15:34:40","guid":{"rendered":"https:\/\/encuentroinformativo.com.mx\/?p=15586"},"modified":"2021-06-23T10:34:44","modified_gmt":"2021-06-23T15:34:44","slug":"por-denuncias-de-acoso-destituyen-a-director-de-transito-en-boca","status":"publish","type":"post","link":"https:\/\/encuentroinformativo.com.mx\/?p=15586","title":{"rendered":"Por denuncias de acoso, destituyen a director de Tr\u00e1nsito en Boca"},"content":{"rendered":"\n<p><strong>Alejandro \u00c1vila<\/strong><\/p>\n\n\n\n<p>Boca del R\u00edo, Ver. \u2013 El pasado fin de semana fue el \u00faltimo como director de Tr\u00e1nsito del municipio de Boca del R\u00edo para el Capit\u00e1n de Nav\u00edo, Luis Fernando Garc\u00eda S\u00e1nchez, a quien sustituyeron pues pesan sobre \u00e9l diversas denuncias de acoso laboral, sexual, e incluso corrupci\u00f3n.<\/p>\n\n\n\n<p>Giovanni P\u00e9rez Azamar, tambi\u00e9n elemento de la Secretar\u00eda de Marina ser\u00e1 quien lo releve en su cargo, y fue \u00e9l mismo quien lo notific\u00f3 el pasado s\u00e1bado 19 de junio en las oficinas centrales ubicadas en bulevar Miguel Alem\u00e1n, en la cabecera municipal.<\/p>\n\n\n\n<p>El pasado 1 de abril se hizo p\u00fablica una denuncia que pesaba en contra del ahora ex director de tr\u00e1nsito municipal, por acoso laboral y sexual en contra del personal femenino de la corporaci\u00f3n; esto est\u00e1 asentado en la carpeta de investigaci\u00f3n Ci UIPJ \/ DXVII\/ 5\/ 656\/ 2021.<\/p>\n\n\n\n<p>En semanas anteriores, elementos que fueron integrantes de la direcci\u00f3n de tr\u00e1nsito en Boca del R\u00edo y que fueron despedidos, denunciaron tambi\u00e9n otras irregularidades por parte del mando castrense como, cobro de cuotas a la empresa de gr\u00faas por el arrastre de veh\u00edculos y motocicletas, abuso de autoridad y despidos injustificados, como el que se dio en 2019 con la oficial Ana Irma, quien solicit\u00f3 su cambio de \u00e1rea por embarazo y la cual fue dada de baja.<\/p>\n\n\n\n<p>A pesar de haber sido dado de baja de la corporaci\u00f3n de tr\u00e1nsito, la denuncia por acoso sexual y laboral en contra del mando castrense, ex director de Tr\u00e1nsito de Boca del R\u00edo, todav\u00eda sigue su curso; y a ella se suma otra denuncia por intimidaci\u00f3n y agresi\u00f3n en contra de un representante de los medios de comunicaci\u00f3n. Ambas denuncias son investigadas por la Fiscal\u00eda General del Estado de Veracruz.<\/p>\n","protected":false},"excerpt":{"rendered":"<p>Alejandro \u00c1vila Boca del R\u00edo, Ver. \u2013 El pasado fin de semana fue el \u00faltimo como director de Tr\u00e1nsito del municipio de Boca del R\u00edo para el Capit\u00e1n de Nav\u00edo, Luis Fernando Garc\u00eda S\u00e1nchez, a quien sustituyeron pues pesan sobre \u00e9l diversas denuncias de acoso laboral, sexual, e incluso corrupci\u00f3n. Giovanni P\u00e9rez Azamar, tambi\u00e9n elemento [&hellip;]<\/p>\n","protected":false},"author":1,"featured_media":15587,"comment_status":"open","ping_status":"open","sticky":false,"template":"","format":"standard","meta":{"_jetpack_memberships_contains_paid_content":false,"footnotes":""},"categories":[2],"tags":[],"class_list":["post-15586","post","type-post","status-publish","format-standard","has-post-thumbnail","hentry","category-estado"],"jetpack_featured_media_url":"https:\/\/encuentroinformativo.com.mx\/wp-content\/uploads\/2021\/06\/B4C2A589-C405-4B7D-8932-4F57BE541D23.jpeg","jetpack_sharing_enabled":true,"jetpack_likes_enabled":true,"amp_enabled":true,"_links":{"self":[{"href":"https:\/\/encuentroinformativo.com.mx\/index.php?rest_route=\/wp\/v2\/posts\/15586","targetHints":{"allow":["GET"]}}],"collection":[{"href":"https:\/\/encuentroinformativo.com.mx\/index.php?rest_route=\/wp\/v2\/posts"}],"about":[{"href":"https:\/\/encuentroinformativo.com.mx\/index.php?rest_route=\/wp\/v2\/types\/post"}],"author":[{"embeddable":true,"href":"https:\/\/encuentroinformativo.com.mx\/index.php?rest_route=\/wp\/v2\/users\/1"}],"replies":[{"embeddable":true,"href":"https:\/\/encuentroinformativo.com.mx\/index.php?rest_route=%2Fwp%2Fv2%2Fcomments&post=15586"}],"version-history":[{"count":1,"href":"https:\/\/encuentroinformativo.com.mx\/index.php?rest_route=\/wp\/v2\/posts\/15586\/revisions"}],"predecessor-version":[{"id":15588,"href":"https:\/\/encuentroinformativo.com.mx\/index.php?rest_route=\/wp\/v2\/posts\/15586\/revisions\/15588"}],"wp:featuredmedia":[{"embeddable":true,"href":"https:\/\/encuentroinformativo.com.mx\/index.php?rest_route=\/wp\/v2\/media\/15587"}],"wp:attachment":[{"href":"https:\/\/encuentroinformativo.com.mx\/index.php?rest_route=%2Fwp%2Fv2%2Fmedia&parent=15586"}],"wp:term":[{"taxonomy":"category","embeddable":true,"href":"https:\/\/encuentroinformativo.com.mx\/index.php?rest_route=%2Fwp%2Fv2%2Fcategories&post=15586"},{"taxonomy":"post_tag","embeddable":true,"href":"https:\/\/encuentroinformativo.com.mx\/index.php?rest_route=%2Fwp%2Fv2%2Ftags&post=15586"}],"curies":[{"name":"wp","href":"https:\/\/api.w.org\/{rel}","templated":true}]}}