{"id":15592,"date":"2021-06-23T12:28:32","date_gmt":"2021-06-23T17:28:32","guid":{"rendered":"https:\/\/encuentroinformativo.com.mx\/?p=15592"},"modified":"2021-06-23T12:28:36","modified_gmt":"2021-06-23T17:28:36","slug":"no-habra-festival-de-la-salsa-en-2021-turismo","status":"publish","type":"post","link":"https:\/\/encuentroinformativo.com.mx\/?p=15592","title":{"rendered":"No habr\u00e1 Festival de la Salsa en 2021: Turismo"},"content":{"rendered":"\n<p><strong>Alejandro \u00c1vila<\/strong><\/p>\n\n\n\n<p>Veracruz, Ver. &#8211; Iv\u00e1n Francisco Mart\u00ednez Olvera, subsecretario de Turismo, se\u00f1al\u00f3 que para este 2021 se tiene presupuestado gasta poco m\u00e1s de 37 millones de pesos para la promoci\u00f3n tur\u00edstica del Estado de Veracruz; adem\u00e1s, inform\u00f3 que, debido a la actual semaforizaci\u00f3n, dif\u00edcilmente se lleve a cabo el Festival de la Salsa en 2021.<\/p>\n\n\n\n<p>El funcionario estatal detall\u00f3 que dicha promoci\u00f3n se realiza principalmente en lugares donde se tiene captado hay m\u00e1s visitantes en Veracruz; es decir, 8 Estados de la Rep\u00fablica Mexicana, 5 de Estados Unidos y 2 de Canad\u00e1, aunque tambi\u00e9n se promociona v\u00eda redes sociales en el resto del pa\u00eds.<\/p>\n\n\n\n<p>Es de recordar que el presupuesto para la promoci\u00f3n tur\u00edstica del Estado, es emanado del impuesto del 2 por ciento al hospedaje que aportan los empresarios hoteleros de toda la entidad veracruzana.<\/p>\n\n\n\n<p>\u201cEn este a\u00f1o tenemos presupuestado como base 37.5 millones de pesos, obviamente si la ocupaci\u00f3n sigue como la llevamos hasta ahorita se va a incrementar, pero es un promedio (\u2026) los Estados base de medios tradicionales son 8, por que son los que m\u00e1s nos generan visitas de turistas hacia el Estado de Veracruz, y la campa\u00f1a en general est\u00e1 dirigida a 30 Estados del pa\u00eds, que es a trav\u00e9s de medios digitales tambi\u00e9n, y a 5 Estados de la Uni\u00f3n Americana y dos de Canad\u00e1. Eso en referencia a nuestra conectividad\u201d, resalt\u00f3.<\/p>\n\n\n\n<p>Al respecto de los pr\u00f3ximos eventos organizados por la Secretar\u00eda de Turismo o en espec\u00edfico del Festival de la Salsa, expuso que debido a la semaforizaci\u00f3n con la que cuenta hoy Veracruz Estado y algunos municipios, dif\u00edcilmente se llevar\u00e1 a cabo este evento masivo en 2021.<\/p>\n\n\n\n<p>\u201cTuvimos que contenerlo, la verdad que el Festival de la Salsa fue un compromiso del se\u00f1or Gobernador de regresarlo y tuvo muy buena aceptaci\u00f3n, y la verdad es que todos queremos que regrese, pero estamos en ese tema de la responsabilidad, es un evento tan grande, es un evento muy importante, que es dif\u00edcil prometer en ese evento que va a haber sana distancia, pues ah\u00ed vienes a bailar, vienes a contagiarte de la energ\u00eda positiva de toda la gente, entonces tenemos que esperar que esto vaya avanzando (\u2026) no podr\u00eda yo decirles una fecha exacta, pero en cuanto est\u00e9 confirmado el Festival de la Salsa, la se\u00f1ora secretaria estoy seguro que lo comunicar\u00e1 de manera inmediata\u201d, remat\u00f3.<\/p>\n","protected":false},"excerpt":{"rendered":"<p>Alejandro \u00c1vila Veracruz, Ver. &#8211; Iv\u00e1n Francisco Mart\u00ednez Olvera, subsecretario de Turismo, se\u00f1al\u00f3 que para este 2021 se tiene presupuestado gasta poco m\u00e1s de 37 millones de pesos para la promoci\u00f3n tur\u00edstica del Estado de Veracruz; adem\u00e1s, inform\u00f3 que, debido a la actual semaforizaci\u00f3n, dif\u00edcilmente se lleve a cabo el Festival de la Salsa en [&hellip;]<\/p>\n","protected":false},"author":1,"featured_media":15593,"comment_status":"open","ping_status":"open","sticky":false,"template":"","format":"standard","meta":{"_jetpack_memberships_contains_paid_content":false,"footnotes":""},"categories":[2],"tags":[],"class_list":["post-15592","post","type-post","status-publish","format-standard","has-post-thumbnail","hentry","category-estado"],"jetpack_featured_media_url":"https:\/\/encuentroinformativo.com.mx\/wp-content\/uploads\/2021\/06\/8FC5E4F5-51DF-4C58-ABE8-62BA299CC381.jpeg","jetpack_sharing_enabled":true,"jetpack_likes_enabled":true,"amp_enabled":true,"_links":{"self":[{"href":"https:\/\/encuentroinformativo.com.mx\/index.php?rest_route=\/wp\/v2\/posts\/15592","targetHints":{"allow":["GET"]}}],"collection":[{"href":"https:\/\/encuentroinformativo.com.mx\/index.php?rest_route=\/wp\/v2\/posts"}],"about":[{"href":"https:\/\/encuentroinformativo.com.mx\/index.php?rest_route=\/wp\/v2\/types\/post"}],"author":[{"embeddable":true,"href":"https:\/\/encuentroinformativo.com.mx\/index.php?rest_route=\/wp\/v2\/users\/1"}],"replies":[{"embeddable":true,"href":"https:\/\/encuentroinformativo.com.mx\/index.php?rest_route=%2Fwp%2Fv2%2Fcomments&post=15592"}],"version-history":[{"count":1,"href":"https:\/\/encuentroinformativo.com.mx\/index.php?rest_route=\/wp\/v2\/posts\/15592\/revisions"}],"predecessor-version":[{"id":15594,"href":"https:\/\/encuentroinformativo.com.mx\/index.php?rest_route=\/wp\/v2\/posts\/15592\/revisions\/15594"}],"wp:featuredmedia":[{"embeddable":true,"href":"https:\/\/encuentroinformativo.com.mx\/index.php?rest_route=\/wp\/v2\/media\/15593"}],"wp:attachment":[{"href":"https:\/\/encuentroinformativo.com.mx\/index.php?rest_route=%2Fwp%2Fv2%2Fmedia&parent=15592"}],"wp:term":[{"taxonomy":"category","embeddable":true,"href":"https:\/\/encuentroinformativo.com.mx\/index.php?rest_route=%2Fwp%2Fv2%2Fcategories&post=15592"},{"taxonomy":"post_tag","embeddable":true,"href":"https:\/\/encuentroinformativo.com.mx\/index.php?rest_route=%2Fwp%2Fv2%2Ftags&post=15592"}],"curies":[{"name":"wp","href":"https:\/\/api.w.org\/{rel}","templated":true}]}}