{"id":15601,"date":"2021-06-23T15:27:30","date_gmt":"2021-06-23T20:27:30","guid":{"rendered":"https:\/\/encuentroinformativo.com.mx\/?p=15601"},"modified":"2021-06-23T15:27:34","modified_gmt":"2021-06-23T20:27:34","slug":"familiares-reclaman-liberacion-de-rogelio-n-ex-secretario-de-gobierno","status":"publish","type":"post","link":"https:\/\/encuentroinformativo.com.mx\/?p=15601","title":{"rendered":"Familiares reclaman liberaci\u00f3n de Rogelio \u201cN\u201d, ex secretario de Gobierno"},"content":{"rendered":"\n<p><strong>Alejandro \u00c1vila<\/strong><\/p>\n\n\n\n<p>Veracruz, Ver.- Acompa\u00f1ados de militante del PRD, Viviana y Luisa Fernanda, hijas del ex secretario de Gobierno, exigieron su liberaci\u00f3n.<\/p>\n\n\n\n<p>Este mi\u00e9rcoles se cumplen 100 d\u00edas de la detenci\u00f3n del ex l\u00edder estatal del PRD, hoy virtual diputado federal.<\/p>\n\n\n\n<p>En ese sentido, sus hijas y compa\u00f1eros militantes solicitaron no difieran nuevamente la audiencia, misma que ha quedado programada ya, para este jueves 24 de junio de 2021.<\/p>\n\n\n\n<p>La diputada federal, Azucena Rodr\u00edguez, inst\u00f3 a la Suprema Corte de Justicia de la Naci\u00f3n, resuelva la acci\u00f3n de inconstitucionalidad interpuesta por diputados locales, quienes solicitaron invalidar la reforma al C\u00f3digo Penal de Veracruz, donde el delito de ultrajes a la autoridad se catalog\u00f3 como grave.<\/p>\n\n\n\n<p>\u201cHacemos de nueva cuenta al Juez del caso un llamado respetuoso y firme para que resuelva y decrete la libertad\u201d, subray\u00f3 la Legisladora perredista.<\/p>\n\n\n\n<p>Por su parte, Viviana y Luisa Fernanda, hijas de Rogelio Franco Cast\u00e1n, el cual est\u00e1 recluido en el penal de La Toma, en Amatl\u00e1n de los Reyes, expusieron que entregaron una queja ante la Comisi\u00f3n Nacional de Derechos Humanos para que se act\u00fae en defensa de los derechos del ex funcionario estatal.<\/p>\n\n\n\n<p>Cuando detuvieron a Rogelio Franco el mismo portaba un amparo concedido por un juez federal, pero eso no import\u00f3, se\u00f1alaron.<\/p>\n\n\n\n<p>Viviana Franco Alvarado se\u00f1al\u00f3 que viven temerosas de que algo pudiera ocurrirle a su padre, al compartir reclusorio con delincuentes detenidos cuando \u00e9l era secretario de Gobierno del que depende el manejo de los penales.<\/p>\n","protected":false},"excerpt":{"rendered":"<p>Alejandro \u00c1vila Veracruz, Ver.- Acompa\u00f1ados de militante del PRD, Viviana y Luisa Fernanda, hijas del ex secretario de Gobierno, exigieron su liberaci\u00f3n. Este mi\u00e9rcoles se cumplen 100 d\u00edas de la detenci\u00f3n del ex l\u00edder estatal del PRD, hoy virtual diputado federal. En ese sentido, sus hijas y compa\u00f1eros militantes solicitaron no difieran nuevamente la audiencia, [&hellip;]<\/p>\n","protected":false},"author":1,"featured_media":15602,"comment_status":"open","ping_status":"open","sticky":false,"template":"","format":"standard","meta":{"_jetpack_memberships_contains_paid_content":false,"footnotes":""},"categories":[2],"tags":[],"class_list":["post-15601","post","type-post","status-publish","format-standard","has-post-thumbnail","hentry","category-estado"],"jetpack_featured_media_url":"https:\/\/encuentroinformativo.com.mx\/wp-content\/uploads\/2021\/06\/9072791F-B75A-4ABE-BB4B-1F760177E3DC.jpeg","jetpack_sharing_enabled":true,"jetpack_likes_enabled":true,"amp_enabled":true,"_links":{"self":[{"href":"https:\/\/encuentroinformativo.com.mx\/index.php?rest_route=\/wp\/v2\/posts\/15601","targetHints":{"allow":["GET"]}}],"collection":[{"href":"https:\/\/encuentroinformativo.com.mx\/index.php?rest_route=\/wp\/v2\/posts"}],"about":[{"href":"https:\/\/encuentroinformativo.com.mx\/index.php?rest_route=\/wp\/v2\/types\/post"}],"author":[{"embeddable":true,"href":"https:\/\/encuentroinformativo.com.mx\/index.php?rest_route=\/wp\/v2\/users\/1"}],"replies":[{"embeddable":true,"href":"https:\/\/encuentroinformativo.com.mx\/index.php?rest_route=%2Fwp%2Fv2%2Fcomments&post=15601"}],"version-history":[{"count":1,"href":"https:\/\/encuentroinformativo.com.mx\/index.php?rest_route=\/wp\/v2\/posts\/15601\/revisions"}],"predecessor-version":[{"id":15603,"href":"https:\/\/encuentroinformativo.com.mx\/index.php?rest_route=\/wp\/v2\/posts\/15601\/revisions\/15603"}],"wp:featuredmedia":[{"embeddable":true,"href":"https:\/\/encuentroinformativo.com.mx\/index.php?rest_route=\/wp\/v2\/media\/15602"}],"wp:attachment":[{"href":"https:\/\/encuentroinformativo.com.mx\/index.php?rest_route=%2Fwp%2Fv2%2Fmedia&parent=15601"}],"wp:term":[{"taxonomy":"category","embeddable":true,"href":"https:\/\/encuentroinformativo.com.mx\/index.php?rest_route=%2Fwp%2Fv2%2Fcategories&post=15601"},{"taxonomy":"post_tag","embeddable":true,"href":"https:\/\/encuentroinformativo.com.mx\/index.php?rest_route=%2Fwp%2Fv2%2Ftags&post=15601"}],"curies":[{"name":"wp","href":"https:\/\/api.w.org\/{rel}","templated":true}]}}