{"id":15611,"date":"2021-06-23T16:46:18","date_gmt":"2021-06-23T21:46:18","guid":{"rendered":"https:\/\/encuentroinformativo.com.mx\/?p=15611"},"modified":"2021-06-23T16:46:22","modified_gmt":"2021-06-23T21:46:22","slug":"proxima-administracion-decidira-sobre-parquimetros-alcalde","status":"publish","type":"post","link":"https:\/\/encuentroinformativo.com.mx\/?p=15611","title":{"rendered":"Pr\u00f3xima administraci\u00f3n decidir\u00e1 sobre parqu\u00edmetros: Alcalde"},"content":{"rendered":"\n<p><strong>Juan Arcos<\/strong><\/p>\n\n\n\n<p>Xalapa, Ver.- El alcalde de Xalapa, Hip\u00f3lito Rodr\u00edguez Herrero, aclar\u00f3 que la instalaci\u00f3n de parqu\u00edmetros no se realizar\u00e1 durante este a\u00f1o en la ciudad y que ser\u00e1 la siguiente administraci\u00f3n municipal quien tome la \u00faltima decisi\u00f3n.<\/p>\n\n\n\n<p>Hace unas semanas, caus\u00f3 pol\u00e9mica la intenci\u00f3n del ayuntamiento xalape\u00f1o de colocar parqu\u00edmetros sobre la avenida Murillo Vidal, una de las principales de la capital del estado. Posteriormente, el alcalde electo Ricardo Ahued Bardahuil consider\u00f3 inviable dicha situaci\u00f3n.<\/p>\n\n\n\n<p>El edil indic\u00f3 que la propuesta fue parte de una estrategia creada por el Consejo Ciudadano de Movilidad, integrado por transportistas, ciclistas y personas con discapacidad.<\/p>\n\n\n\n<p>\u201cLos parqu\u00edmetros son un ingrediente, que podr\u00edan ayudar con la movilidad y los parqu\u00edmetros no ser\u00edan en todos los lugares, eso es imposible. Es en algunos en espec\u00edfico para liberar espacio de circulaci\u00f3n que ayudara a que el comercio prospere\u201d, detall\u00f3.<\/p>\n\n\n\n<p>El funcionario municipal indic\u00f3 que la aplicaci\u00f3n del programa ser\u00eda distinto al que se llev\u00f3 a cabo en el puerto de Veracruz, donde la operaci\u00f3n de una concesionaria ha generado constantes quejas entre los usuarios.<\/p>\n\n\n\n<p>Explic\u00f3 que, en el caso de Xalapa, no se otorgar\u00edan las ganancias a empresas externas, pues el proyecto contempla la instalaci\u00f3n de un parqu\u00edmetro virtual, administrado por el gobierno municipal.<\/p>\n\n\n\n<p>Por tal motivo, los recursos econ\u00f3micos recaudados ser\u00eda utilizados con base en las decisiones del Consejo Ciudadano de Movilidad.<\/p>\n\n\n\n<p>\u201cHa crecido mucho el parque vehicular, en nuestra ciudad circulan m\u00e1s veh\u00edculos de los que pueden digerir nuestros espacios de circulaci\u00f3n\u201d, record\u00f3 Rodr\u00edguez Herrero.<\/p>\n","protected":false},"excerpt":{"rendered":"<p>Juan Arcos Xalapa, Ver.- El alcalde de Xalapa, Hip\u00f3lito Rodr\u00edguez Herrero, aclar\u00f3 que la instalaci\u00f3n de parqu\u00edmetros no se realizar\u00e1 durante este a\u00f1o en la ciudad y que ser\u00e1 la siguiente administraci\u00f3n municipal quien tome la \u00faltima decisi\u00f3n. Hace unas semanas, caus\u00f3 pol\u00e9mica la intenci\u00f3n del ayuntamiento xalape\u00f1o de colocar parqu\u00edmetros sobre la avenida Murillo [&hellip;]<\/p>\n","protected":false},"author":1,"featured_media":15612,"comment_status":"open","ping_status":"open","sticky":false,"template":"","format":"standard","meta":{"_jetpack_memberships_contains_paid_content":false,"footnotes":""},"categories":[3],"tags":[],"class_list":["post-15611","post","type-post","status-publish","format-standard","has-post-thumbnail","hentry","category-xalapa"],"jetpack_featured_media_url":"https:\/\/encuentroinformativo.com.mx\/wp-content\/uploads\/2021\/06\/E092D768-B215-437C-881B-30A32B98F540.jpeg","jetpack_sharing_enabled":true,"jetpack_likes_enabled":true,"amp_enabled":true,"_links":{"self":[{"href":"https:\/\/encuentroinformativo.com.mx\/index.php?rest_route=\/wp\/v2\/posts\/15611","targetHints":{"allow":["GET"]}}],"collection":[{"href":"https:\/\/encuentroinformativo.com.mx\/index.php?rest_route=\/wp\/v2\/posts"}],"about":[{"href":"https:\/\/encuentroinformativo.com.mx\/index.php?rest_route=\/wp\/v2\/types\/post"}],"author":[{"embeddable":true,"href":"https:\/\/encuentroinformativo.com.mx\/index.php?rest_route=\/wp\/v2\/users\/1"}],"replies":[{"embeddable":true,"href":"https:\/\/encuentroinformativo.com.mx\/index.php?rest_route=%2Fwp%2Fv2%2Fcomments&post=15611"}],"version-history":[{"count":1,"href":"https:\/\/encuentroinformativo.com.mx\/index.php?rest_route=\/wp\/v2\/posts\/15611\/revisions"}],"predecessor-version":[{"id":15613,"href":"https:\/\/encuentroinformativo.com.mx\/index.php?rest_route=\/wp\/v2\/posts\/15611\/revisions\/15613"}],"wp:featuredmedia":[{"embeddable":true,"href":"https:\/\/encuentroinformativo.com.mx\/index.php?rest_route=\/wp\/v2\/media\/15612"}],"wp:attachment":[{"href":"https:\/\/encuentroinformativo.com.mx\/index.php?rest_route=%2Fwp%2Fv2%2Fmedia&parent=15611"}],"wp:term":[{"taxonomy":"category","embeddable":true,"href":"https:\/\/encuentroinformativo.com.mx\/index.php?rest_route=%2Fwp%2Fv2%2Fcategories&post=15611"},{"taxonomy":"post_tag","embeddable":true,"href":"https:\/\/encuentroinformativo.com.mx\/index.php?rest_route=%2Fwp%2Fv2%2Ftags&post=15611"}],"curies":[{"name":"wp","href":"https:\/\/api.w.org\/{rel}","templated":true}]}}