{"id":1562,"date":"2020-04-02T21:51:19","date_gmt":"2020-04-03T03:51:19","guid":{"rendered":"https:\/\/encuentroinformativo.com\/?p=1562"},"modified":"2020-04-02T21:51:21","modified_gmt":"2020-04-03T03:51:21","slug":"mantiene-pc-monitoreo-para-disminuir-incendios-forestales","status":"publish","type":"post","link":"https:\/\/encuentroinformativo.com.mx\/?p=1562","title":{"rendered":"Mantiene PC monitoreo para disminuir incendios forestales"},"content":{"rendered":"\n<p><strong>Dar\u00edo Pale <\/strong><\/p>\n\n\n\n<p>Xalapa, Ver.- La titular de la \u00a0Secretar\u00eda de Protecci\u00f3n Civil (SPC), Guadalupe Osorno Maldonado dio a conocer que se encuentran llevando a cabo un monitoreo constante de los incendios forestales en el estado para de esta manera poder actuar de manera oportuna y evitar que se afecten grandes extensiones de bosque y pastizales.<\/p>\n\n\n\n<p>Entrevistada en los pasillos de conocido caf\u00e9 del centro de Xalapa, se\u00f1al\u00f3 que en este momento se ha prohibido la realizaci\u00f3n de quemas agr\u00edcolas para disminuir los riesgos de que se registren conflagraciones dicha medida ha sido efectiva pues en comparaci\u00f3n con el a\u00f1os anteriores se ha tenido una reducci\u00f3n en la superficie afectada por esta situaci\u00f3n.<\/p>\n\n\n\n<p>&#8220;Estamos en constante monitoreo con las autoridades municipales para darle seguimiento al tema, afortunadamente tenemos mil hect\u00e1reas menos en comparaci\u00f3n con el a\u00f1o pasado en donde ya hab\u00edamos tenido el incendio de Las Vigas y de Alto Lucero y este a\u00f1o afortunadamente no hemos tenido incendios de ese tama\u00f1o\u201d, se\u00f1al\u00f3.<\/p>\n\n\n\n<p>\u201cPor eso en esta temporada de secas estamos pidiendo que no se hagan quemas agr\u00edcolas, est\u00e1 prohibido porque f\u00e1cilmente una quema de doscientos metros cuadrados se nos trepa a muchas hect\u00e1reas y luego hay m\u00e1s afectaciones&#8221;, agreg\u00f3.<\/p>\n\n\n\n<p>Por lo que recalc\u00f3 la importancia de que los gobiernos municipales se coordinen para poder estar en la misma l\u00ednea de acci\u00f3n y llevar a cabo las tareas preventivas en pr\u00e1cticamente todo el territorio veracruzano en donde a\u00f1o con a\u00f1o se presentan estos incendios.<\/p>\n\n\n\n<p>Por \u00faltimo dio a conocer que hasta este momento 68 municipios han reportado la existencia de incendios forestales y de pastizales, en donde se ha brindado el apoyo necesario en coordinaci\u00f3n con la Comisi\u00f3n Nacional Forestal (Conafor) para evitar da\u00f1os considerables en la entidad.<\/p>\n\n\n\n<p><\/p>\n\n\n\n<p><\/p>\n","protected":false},"excerpt":{"rendered":"<p>Dar\u00edo Pale Xalapa, Ver.- La titular de la \u00a0Secretar\u00eda de Protecci\u00f3n Civil (SPC), Guadalupe Osorno Maldonado dio a conocer que se encuentran llevando a cabo un monitoreo constante de los incendios forestales en el estado para de esta manera poder actuar de manera oportuna y evitar que se afecten grandes extensiones de bosque y pastizales. [&hellip;]<\/p>\n","protected":false},"author":1,"featured_media":75,"comment_status":"open","ping_status":"open","sticky":false,"template":"","format":"standard","meta":{"_jetpack_memberships_contains_paid_content":false,"footnotes":""},"categories":[2],"tags":[],"class_list":["post-1562","post","type-post","status-publish","format-standard","has-post-thumbnail","hentry","category-estado"],"jetpack_featured_media_url":"https:\/\/encuentroinformativo.com.mx\/wp-content\/uploads\/2020\/02\/incendios.jpg","jetpack_sharing_enabled":true,"jetpack_likes_enabled":true,"amp_enabled":true,"_links":{"self":[{"href":"https:\/\/encuentroinformativo.com.mx\/index.php?rest_route=\/wp\/v2\/posts\/1562","targetHints":{"allow":["GET"]}}],"collection":[{"href":"https:\/\/encuentroinformativo.com.mx\/index.php?rest_route=\/wp\/v2\/posts"}],"about":[{"href":"https:\/\/encuentroinformativo.com.mx\/index.php?rest_route=\/wp\/v2\/types\/post"}],"author":[{"embeddable":true,"href":"https:\/\/encuentroinformativo.com.mx\/index.php?rest_route=\/wp\/v2\/users\/1"}],"replies":[{"embeddable":true,"href":"https:\/\/encuentroinformativo.com.mx\/index.php?rest_route=%2Fwp%2Fv2%2Fcomments&post=1562"}],"version-history":[{"count":1,"href":"https:\/\/encuentroinformativo.com.mx\/index.php?rest_route=\/wp\/v2\/posts\/1562\/revisions"}],"predecessor-version":[{"id":1563,"href":"https:\/\/encuentroinformativo.com.mx\/index.php?rest_route=\/wp\/v2\/posts\/1562\/revisions\/1563"}],"wp:featuredmedia":[{"embeddable":true,"href":"https:\/\/encuentroinformativo.com.mx\/index.php?rest_route=\/wp\/v2\/media\/75"}],"wp:attachment":[{"href":"https:\/\/encuentroinformativo.com.mx\/index.php?rest_route=%2Fwp%2Fv2%2Fmedia&parent=1562"}],"wp:term":[{"taxonomy":"category","embeddable":true,"href":"https:\/\/encuentroinformativo.com.mx\/index.php?rest_route=%2Fwp%2Fv2%2Fcategories&post=1562"},{"taxonomy":"post_tag","embeddable":true,"href":"https:\/\/encuentroinformativo.com.mx\/index.php?rest_route=%2Fwp%2Fv2%2Ftags&post=1562"}],"curies":[{"name":"wp","href":"https:\/\/api.w.org\/{rel}","templated":true}]}}