{"id":15622,"date":"2021-06-24T11:36:07","date_gmt":"2021-06-24T16:36:07","guid":{"rendered":"https:\/\/encuentroinformativo.com.mx\/?p=15622"},"modified":"2021-06-24T11:36:10","modified_gmt":"2021-06-24T16:36:10","slug":"en-poder-judicial-descontaran-via-nomina-donacion-para-cruz-roja","status":"publish","type":"post","link":"https:\/\/encuentroinformativo.com.mx\/?p=15622","title":{"rendered":"En Poder Judicial, descontar\u00e1n v\u00eda n\u00f3mina \u201cdonaci\u00f3n\u201d para Cruz Roja"},"content":{"rendered":"\n<p><strong>Dar\u00edo Pale <\/strong><\/p>\n\n\n\n<p>Xalapa, Ver.- A los trabajadores de confianza del Poder Judicial les van a descontar de su sueldo v\u00eda n\u00f3mina para &#8220;donar&#8221; a la Cruz Roja para cumplir con la cuota que este a\u00f1o har\u00e1n entrega.<\/p>\n\n\n\n<p>Mediante un comunicado girado a los trabajadores de confianza del Poder Judicial del Estado de Veracruz y formado por la Magistrada Isabel Ines Romero Cruz presidenta del Tribunal se les notific\u00f3 que se les descontar\u00e1 v\u00eda n\u00f3mina una cantidad para dar la donaci\u00f3n correspondiente a la CRuz Roja.<\/p>\n\n\n\n<p>Ser\u00e1 en el pago de la segunda quincena de junio, el pr\u00f3ximo mi\u00e9rcoles cuando se vea reflejado el descuento, seg\u00fan lo refieren que fue a trav\u00e9s del oficio n\u00famero CGCNM\/019\/2021, remitido por el coordinador del DIF Estatal de Colecta Gubernamental-Escolar de Cruz Roja Mexicana que se pidi\u00f3 al Poder Judicial cooperar con dicha instituci\u00f3n<br>&#8220;A fin de realizar una aportaci\u00f3n para que dicha entidad continu\u00e9 prestando los servicios de asistencia humanitaria a la poblaci\u00f3n m\u00e1s vulnerable de nuestro estado de Veracruz\u201d, se\u00f1ala el documento.<\/p>\n\n\n\n<p>Cabe se\u00f1alar que hasta ahora se desconoce la cantidad que ser\u00e1 descontada a la compensaci\u00f3n que reciben los trabajadores de confianza.<\/p>\n","protected":false},"excerpt":{"rendered":"<p>Dar\u00edo Pale Xalapa, Ver.- A los trabajadores de confianza del Poder Judicial les van a descontar de su sueldo v\u00eda n\u00f3mina para &#8220;donar&#8221; a la Cruz Roja para cumplir con la cuota que este a\u00f1o har\u00e1n entrega. Mediante un comunicado girado a los trabajadores de confianza del Poder Judicial del Estado de Veracruz y formado [&hellip;]<\/p>\n","protected":false},"author":1,"featured_media":15623,"comment_status":"open","ping_status":"open","sticky":false,"template":"","format":"standard","meta":{"_jetpack_memberships_contains_paid_content":false,"footnotes":""},"categories":[2],"tags":[],"class_list":["post-15622","post","type-post","status-publish","format-standard","has-post-thumbnail","hentry","category-estado"],"jetpack_featured_media_url":"https:\/\/encuentroinformativo.com.mx\/wp-content\/uploads\/2021\/06\/64D843BF-4B6A-4FA6-A18B-8F9830AEB4CA.jpeg","jetpack_sharing_enabled":true,"jetpack_likes_enabled":true,"amp_enabled":true,"_links":{"self":[{"href":"https:\/\/encuentroinformativo.com.mx\/index.php?rest_route=\/wp\/v2\/posts\/15622","targetHints":{"allow":["GET"]}}],"collection":[{"href":"https:\/\/encuentroinformativo.com.mx\/index.php?rest_route=\/wp\/v2\/posts"}],"about":[{"href":"https:\/\/encuentroinformativo.com.mx\/index.php?rest_route=\/wp\/v2\/types\/post"}],"author":[{"embeddable":true,"href":"https:\/\/encuentroinformativo.com.mx\/index.php?rest_route=\/wp\/v2\/users\/1"}],"replies":[{"embeddable":true,"href":"https:\/\/encuentroinformativo.com.mx\/index.php?rest_route=%2Fwp%2Fv2%2Fcomments&post=15622"}],"version-history":[{"count":1,"href":"https:\/\/encuentroinformativo.com.mx\/index.php?rest_route=\/wp\/v2\/posts\/15622\/revisions"}],"predecessor-version":[{"id":15624,"href":"https:\/\/encuentroinformativo.com.mx\/index.php?rest_route=\/wp\/v2\/posts\/15622\/revisions\/15624"}],"wp:featuredmedia":[{"embeddable":true,"href":"https:\/\/encuentroinformativo.com.mx\/index.php?rest_route=\/wp\/v2\/media\/15623"}],"wp:attachment":[{"href":"https:\/\/encuentroinformativo.com.mx\/index.php?rest_route=%2Fwp%2Fv2%2Fmedia&parent=15622"}],"wp:term":[{"taxonomy":"category","embeddable":true,"href":"https:\/\/encuentroinformativo.com.mx\/index.php?rest_route=%2Fwp%2Fv2%2Fcategories&post=15622"},{"taxonomy":"post_tag","embeddable":true,"href":"https:\/\/encuentroinformativo.com.mx\/index.php?rest_route=%2Fwp%2Fv2%2Ftags&post=15622"}],"curies":[{"name":"wp","href":"https:\/\/api.w.org\/{rel}","templated":true}]}}