{"id":15632,"date":"2021-06-24T13:03:35","date_gmt":"2021-06-24T18:03:35","guid":{"rendered":"https:\/\/encuentroinformativo.com.mx\/?p=15632"},"modified":"2021-06-24T13:03:38","modified_gmt":"2021-06-24T18:03:38","slug":"rechazan-organizaciones-peleas-de-gallos-en-veracruz","status":"publish","type":"post","link":"https:\/\/encuentroinformativo.com.mx\/?p=15632","title":{"rendered":"Rechazan organizaciones peleas de gallos en Veracruz"},"content":{"rendered":"\n<p><strong>Juan Arcos<\/strong><\/p>\n\n\n\n<p>Xalapa, Ver.- M\u00e1s de 120 organizaciones de animalistas de todo el pa\u00eds exhortaron al gobierno de Veracruz a rechazar la iniciativa presentada, de manera reciente, para legalizar las peleas de gallos en el estado de Veracruz.<\/p>\n\n\n\n<p>Los defensores de los derechos de los animales dirigieron un oficio al gobernador Cuitl\u00e1huac Garc\u00eda Jim\u00e9nez para solicitar su intervenci\u00f3n ante la propuesta legislativa lanzada por el diputado local Rodriguez Garc\u00eda Escalante.<\/p>\n\n\n\n<p>En el documento, los activistas presentan un desglose detallado sobre el resolutivo de la Suprema Corte de Justicia de la Naci\u00f3n (SCJN) al determinar la prohibici\u00f3n de las peleas de gallos en el estado de Veracruz, argumentando que el maltrato y la violencia animal no pueden considerarse una expresi\u00f3n cultural.<\/p>\n\n\n\n<p>\u201cLa propuesta que presenta el diputado est\u00e1 viciada desde su origen, someterla a an\u00e1lisis de la legislatura es improcedente y ocioso pues el pleno de la SCJN ha resuelto que la prohibici\u00f3n es plenamente constitucional\u201d, exponen.<\/p>\n\n\n\n<p>Lo anterior, ante la serie de amparos tramitados por organizaciones de galleros que defienden sus tradiciones y consideran un atentado contra la cultura veracruzana que se proh\u00edba dicha actividad.<\/p>\n\n\n\n<p>De acuerdo con Lourdes Jim\u00e9nez Mora, representante de Proyecto Arpa, las agrupaciones se han unido a nivel nacional para recordar a los diputados locales que es inconstitucional pretender modificar la ley para que regresen las peleas de gallos.<\/p>\n\n\n\n<p>\u201cEl comunicado que se est\u00e1 enviando es bastante t\u00e9cnico, de hace un an\u00e1lisis muy r\u00e1pido de la resoluci\u00f3n, esto m\u00e1s que nada para que los diputados lo tengan m\u00e1s a la mano, si no quieren leer toda la resoluci\u00f3n, yo supongo que la conocen, para que sea un poco m\u00e1s claro que no es una acci\u00f3n que pueda llevarse a cabo, que es anticonstitucional\u201d.<\/p>\n\n\n\n<p>Cabe recordar que la Suprema Corte emiti\u00f3 la resoluci\u00f3n 163\/2018 donde declar\u00f3 que las peleas de gallos no son una actividad protegida por la Constituci\u00f3n Mexicana, con base en en principio de bienestar animal.<\/p>\n","protected":false},"excerpt":{"rendered":"<p>Juan Arcos Xalapa, Ver.- M\u00e1s de 120 organizaciones de animalistas de todo el pa\u00eds exhortaron al gobierno de Veracruz a rechazar la iniciativa presentada, de manera reciente, para legalizar las peleas de gallos en el estado de Veracruz. Los defensores de los derechos de los animales dirigieron un oficio al gobernador Cuitl\u00e1huac Garc\u00eda Jim\u00e9nez para [&hellip;]<\/p>\n","protected":false},"author":1,"featured_media":15633,"comment_status":"open","ping_status":"open","sticky":false,"template":"","format":"standard","meta":{"_jetpack_memberships_contains_paid_content":false,"footnotes":""},"categories":[2],"tags":[],"class_list":["post-15632","post","type-post","status-publish","format-standard","has-post-thumbnail","hentry","category-estado"],"jetpack_featured_media_url":"https:\/\/encuentroinformativo.com.mx\/wp-content\/uploads\/2021\/06\/73D5BF19-659F-4B09-B339-176197DBE2E1.jpeg","jetpack_sharing_enabled":true,"jetpack_likes_enabled":true,"amp_enabled":true,"_links":{"self":[{"href":"https:\/\/encuentroinformativo.com.mx\/index.php?rest_route=\/wp\/v2\/posts\/15632","targetHints":{"allow":["GET"]}}],"collection":[{"href":"https:\/\/encuentroinformativo.com.mx\/index.php?rest_route=\/wp\/v2\/posts"}],"about":[{"href":"https:\/\/encuentroinformativo.com.mx\/index.php?rest_route=\/wp\/v2\/types\/post"}],"author":[{"embeddable":true,"href":"https:\/\/encuentroinformativo.com.mx\/index.php?rest_route=\/wp\/v2\/users\/1"}],"replies":[{"embeddable":true,"href":"https:\/\/encuentroinformativo.com.mx\/index.php?rest_route=%2Fwp%2Fv2%2Fcomments&post=15632"}],"version-history":[{"count":1,"href":"https:\/\/encuentroinformativo.com.mx\/index.php?rest_route=\/wp\/v2\/posts\/15632\/revisions"}],"predecessor-version":[{"id":15634,"href":"https:\/\/encuentroinformativo.com.mx\/index.php?rest_route=\/wp\/v2\/posts\/15632\/revisions\/15634"}],"wp:featuredmedia":[{"embeddable":true,"href":"https:\/\/encuentroinformativo.com.mx\/index.php?rest_route=\/wp\/v2\/media\/15633"}],"wp:attachment":[{"href":"https:\/\/encuentroinformativo.com.mx\/index.php?rest_route=%2Fwp%2Fv2%2Fmedia&parent=15632"}],"wp:term":[{"taxonomy":"category","embeddable":true,"href":"https:\/\/encuentroinformativo.com.mx\/index.php?rest_route=%2Fwp%2Fv2%2Fcategories&post=15632"},{"taxonomy":"post_tag","embeddable":true,"href":"https:\/\/encuentroinformativo.com.mx\/index.php?rest_route=%2Fwp%2Fv2%2Ftags&post=15632"}],"curies":[{"name":"wp","href":"https:\/\/api.w.org\/{rel}","templated":true}]}}