{"id":15639,"date":"2021-06-24T14:04:24","date_gmt":"2021-06-24T19:04:24","guid":{"rendered":"https:\/\/encuentroinformativo.com.mx\/?p=15639"},"modified":"2021-06-24T14:04:27","modified_gmt":"2021-06-24T19:04:27","slug":"disminuyen-secuestros-en-veracruz","status":"publish","type":"post","link":"https:\/\/encuentroinformativo.com.mx\/?p=15639","title":{"rendered":"Disminuyen secuestros en Veracruz"},"content":{"rendered":"\n<p><strong>Alejandro \u00c1vila<\/strong><\/p>\n\n\n\n<p>Boca del R\u00edo, Ver.- Durante el evento realizado en el <em>World Trade Center <\/em>de Boca del R\u00edo, denominado \u201cGrupo de Planeaci\u00f3n y An\u00e1lisis Estrat\u00e9gico contra el Secuestro\u201d y a donde acudieron todos los Fiscales Especializados de la Rep\u00fablica, se confirm\u00f3 que el Veracruz dej\u00f3 de ser el primer lugar en ese rubro.<\/p>\n\n\n\n<p>V\u00edctor Hugo Enr\u00edquez Garc\u00eda, titular de la Coordinaci\u00f3n Nacional Antisecuestro, se\u00f1al\u00f3 que, a nivel general, la disminuci\u00f3n en el delito de secuestro ha sido del 75 por ciento, y que precisamente Veracruz, ha sido el de mejores resultados con un 85 por ciento de disminuci\u00f3n.<\/p>\n\n\n\n<p>\u201cAnteriormente Veracruz era el n\u00famero uno, hoy ya no lo es. Veracruz ten\u00eda un \u00edndice de aproximadamente 40 secuestros hace dos a\u00f1os, al d\u00eda de hoy, estamos cerrando los meses, entre dos y tres eventos\u201d, apunt\u00f3.<\/p>\n\n\n\n<p>Mencion\u00f3 que dentro de la nueva din\u00e1mica que implementan para una mayor eficacia en su trabajo, es centralizar la informaci\u00f3n, pues ejemplific\u00f3 que, aunque se piden rescates en ciertas entidades, los secuestros los realizan en otros sitios, por lo que al unificar la informaci\u00f3n y mejorar la coordinaci\u00f3n, se han logrado mejores resultados.<\/p>\n\n\n\n<p>\u201cAl que puedo decir es que en el Estado de Veracruz la mayor\u00eda de los secuestros no fueron objetivos como anteriormente hace muchos a\u00f1os, que eran estudiados a detalle, objetivos de alta capacidad econ\u00f3mica, sino muchos de ellos fueron al azar. Pero Veracruz es el Estado donde m\u00e1s detenciones se han realizado de secuestradores y disoluci\u00f3n de bandas de secuestradores\u201d, subray\u00f3.<\/p>\n\n\n\n<p>En julio de 2019 se\u00f1al\u00f3, se hizo un convenio con la Guardia Nacional, donde ellos tienen a su disposici\u00f3n elementos de apoyo para investigaci\u00f3n, an\u00e1lisis y operaciones especiales, con base en ello, asegur\u00f3 se han logrado m\u00e1s de 3 500 detenciones, 350 bandas desarticuladas, y 1 400 personas rescatadas.<\/p>\n","protected":false},"excerpt":{"rendered":"<p>Alejandro \u00c1vila Boca del R\u00edo, Ver.- Durante el evento realizado en el World Trade Center de Boca del R\u00edo, denominado \u201cGrupo de Planeaci\u00f3n y An\u00e1lisis Estrat\u00e9gico contra el Secuestro\u201d y a donde acudieron todos los Fiscales Especializados de la Rep\u00fablica, se confirm\u00f3 que el Veracruz dej\u00f3 de ser el primer lugar en ese rubro. V\u00edctor [&hellip;]<\/p>\n","protected":false},"author":1,"featured_media":15640,"comment_status":"open","ping_status":"open","sticky":false,"template":"","format":"standard","meta":{"_jetpack_memberships_contains_paid_content":false,"footnotes":""},"categories":[2],"tags":[],"class_list":["post-15639","post","type-post","status-publish","format-standard","has-post-thumbnail","hentry","category-estado"],"jetpack_featured_media_url":"https:\/\/encuentroinformativo.com.mx\/wp-content\/uploads\/2021\/06\/B1D94AFC-34D0-48AE-8673-F07BBC789AA2.jpeg","jetpack_sharing_enabled":true,"jetpack_likes_enabled":true,"amp_enabled":true,"_links":{"self":[{"href":"https:\/\/encuentroinformativo.com.mx\/index.php?rest_route=\/wp\/v2\/posts\/15639","targetHints":{"allow":["GET"]}}],"collection":[{"href":"https:\/\/encuentroinformativo.com.mx\/index.php?rest_route=\/wp\/v2\/posts"}],"about":[{"href":"https:\/\/encuentroinformativo.com.mx\/index.php?rest_route=\/wp\/v2\/types\/post"}],"author":[{"embeddable":true,"href":"https:\/\/encuentroinformativo.com.mx\/index.php?rest_route=\/wp\/v2\/users\/1"}],"replies":[{"embeddable":true,"href":"https:\/\/encuentroinformativo.com.mx\/index.php?rest_route=%2Fwp%2Fv2%2Fcomments&post=15639"}],"version-history":[{"count":1,"href":"https:\/\/encuentroinformativo.com.mx\/index.php?rest_route=\/wp\/v2\/posts\/15639\/revisions"}],"predecessor-version":[{"id":15641,"href":"https:\/\/encuentroinformativo.com.mx\/index.php?rest_route=\/wp\/v2\/posts\/15639\/revisions\/15641"}],"wp:featuredmedia":[{"embeddable":true,"href":"https:\/\/encuentroinformativo.com.mx\/index.php?rest_route=\/wp\/v2\/media\/15640"}],"wp:attachment":[{"href":"https:\/\/encuentroinformativo.com.mx\/index.php?rest_route=%2Fwp%2Fv2%2Fmedia&parent=15639"}],"wp:term":[{"taxonomy":"category","embeddable":true,"href":"https:\/\/encuentroinformativo.com.mx\/index.php?rest_route=%2Fwp%2Fv2%2Fcategories&post=15639"},{"taxonomy":"post_tag","embeddable":true,"href":"https:\/\/encuentroinformativo.com.mx\/index.php?rest_route=%2Fwp%2Fv2%2Ftags&post=15639"}],"curies":[{"name":"wp","href":"https:\/\/api.w.org\/{rel}","templated":true}]}}