{"id":15645,"date":"2021-06-24T14:19:32","date_gmt":"2021-06-24T19:19:32","guid":{"rendered":"https:\/\/encuentroinformativo.com.mx\/?p=15645"},"modified":"2021-06-24T14:19:36","modified_gmt":"2021-06-24T19:19:36","slug":"solicitan-donadores-de-sangre-para-bebe-de-9-meses-con-leucemia","status":"publish","type":"post","link":"https:\/\/encuentroinformativo.com.mx\/?p=15645","title":{"rendered":"Solicitan donadores de sangre para beb\u00e9 de 9 meses con leucemia"},"content":{"rendered":"\n<p><strong>Alejandro \u00c1vila<\/strong><\/p>\n\n\n\n<p>Veracruz, Ver. &#8211; Isabel Rodr\u00edguez V\u00e1zquez, madre de familia de un bebe de nueve meses, solicita el apoyo de 8 donadores de sangre para su peque\u00f1o, quien sufre de leucemia y necesita con urgencia unidades de sangre para su tratamiento.<\/p>\n\n\n\n<p>El peque\u00f1o, nacido en el municipio de Puente Nacional, estuvo hospitalizado un tiempo en el IMSS de Cardel y fue trasladado hace unos d\u00edas a la Unida M\u00e9dica de Alta Especialidad (UMAE) n\u00famero 14 en Veracruz puerto, misma que se ubica en la avenida Cuauht\u00e9moc.<\/p>\n\n\n\n<p>\u201cMi beb\u00e9 tiene 9 meses y me lo diagnosticaron con leucemia, entones lo que ahorita estoy requiriendo, pues m\u00e1s que nada son donadores tipo O positivo u O negativo, porque como es una enfermedad que se lleva tiempo, me est\u00e1n pidiendo por el momento 8 (donadores). Entonces pues s\u00ed se me complica mucho, porque pues yo tengo que estar aqu\u00ed y no puedo andar buscando\u201d, mencion\u00f3.<\/p>\n\n\n\n<p>Isabel Rodr\u00edguez, dijo que cualquier persona que quiera ayudar puede comunicarse al 296 116 7323, para poder cuadrar las donaciones que solicita el Instituto Mexicano del Seguro Social (IMSS).<\/p>\n\n\n\n<p>La madre dijo que, desde los siete meses, cuando se dio cuenta que el peque\u00f1o no quer\u00eda comer, lo llevo al pediatra y este le dijo que era un problema de los dientes, por lo que al momento se qued\u00f3 tranquila, pero al verlo deca\u00eddo y continuando sin ganas de comer, cambi\u00f3 de m\u00e9dico y este le pidi\u00f3 an\u00e1lisis de sangre.<\/p>\n\n\n\n<p>\u201cYa fue ah\u00ed donde le sali\u00f3 que ten\u00eda sus gl\u00f3bulos y plaquetas bajas, sus leucocitos estaban en 250 mil, cuando deber\u00edan de estar en 12 mil, entonces pues s\u00ed estaba muy descontrolado\u201d, refiri\u00f3.<\/p>\n\n\n\n<p>Finalmente, expuso que dentro del UMAE 14 no hay aire acondicionado en funciones, por lo que es complicado y molesto estar dentro todo el d\u00eda, aunque asegur\u00f3 que a veces les permiten meter alg\u00fan ventilador para sobre llevar el calor.<\/p>\n","protected":false},"excerpt":{"rendered":"<p>Alejandro \u00c1vila Veracruz, Ver. &#8211; Isabel Rodr\u00edguez V\u00e1zquez, madre de familia de un bebe de nueve meses, solicita el apoyo de 8 donadores de sangre para su peque\u00f1o, quien sufre de leucemia y necesita con urgencia unidades de sangre para su tratamiento. El peque\u00f1o, nacido en el municipio de Puente Nacional, estuvo hospitalizado un tiempo [&hellip;]<\/p>\n","protected":false},"author":1,"featured_media":15646,"comment_status":"open","ping_status":"open","sticky":false,"template":"","format":"standard","meta":{"_jetpack_memberships_contains_paid_content":false,"footnotes":""},"categories":[9],"tags":[],"class_list":["post-15645","post","type-post","status-publish","format-standard","has-post-thumbnail","hentry","category-salud"],"jetpack_featured_media_url":"https:\/\/encuentroinformativo.com.mx\/wp-content\/uploads\/2021\/06\/62C2DE9B-AE83-48F9-865B-381CFA4D74EC.jpeg","jetpack_sharing_enabled":true,"jetpack_likes_enabled":true,"amp_enabled":true,"_links":{"self":[{"href":"https:\/\/encuentroinformativo.com.mx\/index.php?rest_route=\/wp\/v2\/posts\/15645","targetHints":{"allow":["GET"]}}],"collection":[{"href":"https:\/\/encuentroinformativo.com.mx\/index.php?rest_route=\/wp\/v2\/posts"}],"about":[{"href":"https:\/\/encuentroinformativo.com.mx\/index.php?rest_route=\/wp\/v2\/types\/post"}],"author":[{"embeddable":true,"href":"https:\/\/encuentroinformativo.com.mx\/index.php?rest_route=\/wp\/v2\/users\/1"}],"replies":[{"embeddable":true,"href":"https:\/\/encuentroinformativo.com.mx\/index.php?rest_route=%2Fwp%2Fv2%2Fcomments&post=15645"}],"version-history":[{"count":1,"href":"https:\/\/encuentroinformativo.com.mx\/index.php?rest_route=\/wp\/v2\/posts\/15645\/revisions"}],"predecessor-version":[{"id":15647,"href":"https:\/\/encuentroinformativo.com.mx\/index.php?rest_route=\/wp\/v2\/posts\/15645\/revisions\/15647"}],"wp:featuredmedia":[{"embeddable":true,"href":"https:\/\/encuentroinformativo.com.mx\/index.php?rest_route=\/wp\/v2\/media\/15646"}],"wp:attachment":[{"href":"https:\/\/encuentroinformativo.com.mx\/index.php?rest_route=%2Fwp%2Fv2%2Fmedia&parent=15645"}],"wp:term":[{"taxonomy":"category","embeddable":true,"href":"https:\/\/encuentroinformativo.com.mx\/index.php?rest_route=%2Fwp%2Fv2%2Fcategories&post=15645"},{"taxonomy":"post_tag","embeddable":true,"href":"https:\/\/encuentroinformativo.com.mx\/index.php?rest_route=%2Fwp%2Fv2%2Ftags&post=15645"}],"curies":[{"name":"wp","href":"https:\/\/api.w.org\/{rel}","templated":true}]}}