{"id":15657,"date":"2021-06-24T17:14:53","date_gmt":"2021-06-24T22:14:53","guid":{"rendered":"https:\/\/encuentroinformativo.com.mx\/?p=15657"},"modified":"2021-06-24T17:14:58","modified_gmt":"2021-06-24T22:14:58","slug":"suspende-pc-construccion-de-torre-en-centro-de-veracruz","status":"publish","type":"post","link":"https:\/\/encuentroinformativo.com.mx\/?p=15657","title":{"rendered":"Suspende PC construcci\u00f3n de torre en centro de Veracruz"},"content":{"rendered":"\n<p><strong>Juan Arcos <\/strong><\/p>\n\n\n\n<p>Xalapa, Ver.- La Secretar\u00eda de Protecci\u00f3n Civil (PC) ejecut\u00f3 una suspensi\u00f3n temporal de la construcci\u00f3n de la Torre Centro, en el puerto de Veracruz, por carecer del dictamen de riesgo correspondiente.<\/p>\n\n\n\n<p>Personal de la dependencia estatal acudi\u00f3 a la obra, ubicada sobre la calle Arista, a una cuadra de la macroplaza del Malec\u00f3n, cuyo edificio es el m\u00e1s alto del Centro Hist\u00f3rico de la ciudad.<\/p>\n\n\n\n<p>La titular de PC, Guadalupe Osorno Maldonado, puntualiz\u00f3 que esta acci\u00f3n corresponde a un procedimiento contra dicha obra que inici\u00f3 hace varios d\u00edas, tras los se\u00f1alamientos por presuntas irregularidades.<\/p>\n\n\n\n<p>\u201cAnteriormente se hab\u00eda hecho una visita donde el gerente de obra declar\u00f3 que llevaban avance significativo en la construcci\u00f3n y al no contar con un dictamen de riesgo este es el procedimiento habitual que ocurre en estos casos\u201d, detall\u00f3 la funcionaria estatal.<\/p>\n\n\n\n<p>Cabe recordar que el presidente de la Rep\u00fablica, Andr\u00e9s Manuel L\u00f3pez Obrador, declar\u00f3, de manera reciente, que dicho edificio da\u00f1aba la imagen de los monumentos hist\u00f3ricos que se encuentran en las inmediaciones.<\/p>\n\n\n\n<p>Posteriormente, el gobernador Cuitl\u00e1huac Garc\u00eda Jim\u00e9nez dio a conocer que hab\u00eda sido conformada una comisi\u00f3n especial para constatar que la obra cumpliera con todos requerimientos, debido a que hab\u00edan sido detectadas algunas observaciones no solventadas.<\/p>\n\n\n\n<p>El mandatario estatal enfatiz\u00f3 que los permisos fueron tramitados durante el gobierno pasado, en el bienio de Miguel \u00c1ngel Yunes Linares, padre del alcalde de Veracruz, Fernando Yunes M\u00e1rquez.\u00a0<br><\/p>\n\n\n\n<p>Adem\u00e1s, durante esta semana, el delegado de Programas Sociales del Gobierno Federal en Veracruz , Manuel Huerta Ladr\u00f3n de Guevara, indic\u00f3 que dicha obra violentaba al manos 15 leyes y que por esa situaci\u00f3n deb\u00edan llevarse a cabo las supervisiones correspondientes.<\/p>\n\n\n\n<p>La tarde de este jueves 24 de junio, el personal de la Secretar\u00eda de Protecci\u00f3n Civil coloc\u00f3 los sellos de suspensi\u00f3n temporal de actividades sobre la fachada de la Torre Centro, donde se llevar\u00edan a cabo verificaciones peri\u00f3dicas para evitar que estos fuesen retirados o violentados.<\/p>\n","protected":false},"excerpt":{"rendered":"<p>Juan Arcos Xalapa, Ver.- La Secretar\u00eda de Protecci\u00f3n Civil (PC) ejecut\u00f3 una suspensi\u00f3n temporal de la construcci\u00f3n de la Torre Centro, en el puerto de Veracruz, por carecer del dictamen de riesgo correspondiente. Personal de la dependencia estatal acudi\u00f3 a la obra, ubicada sobre la calle Arista, a una cuadra de la macroplaza del Malec\u00f3n, [&hellip;]<\/p>\n","protected":false},"author":1,"featured_media":15658,"comment_status":"open","ping_status":"open","sticky":false,"template":"","format":"standard","meta":{"_jetpack_memberships_contains_paid_content":false,"footnotes":""},"categories":[2],"tags":[],"class_list":["post-15657","post","type-post","status-publish","format-standard","has-post-thumbnail","hentry","category-estado"],"jetpack_featured_media_url":"https:\/\/encuentroinformativo.com.mx\/wp-content\/uploads\/2021\/06\/6F429BE7-2809-4CD3-B86C-5DD13ABBC195.jpeg","jetpack_sharing_enabled":true,"jetpack_likes_enabled":true,"amp_enabled":true,"_links":{"self":[{"href":"https:\/\/encuentroinformativo.com.mx\/index.php?rest_route=\/wp\/v2\/posts\/15657","targetHints":{"allow":["GET"]}}],"collection":[{"href":"https:\/\/encuentroinformativo.com.mx\/index.php?rest_route=\/wp\/v2\/posts"}],"about":[{"href":"https:\/\/encuentroinformativo.com.mx\/index.php?rest_route=\/wp\/v2\/types\/post"}],"author":[{"embeddable":true,"href":"https:\/\/encuentroinformativo.com.mx\/index.php?rest_route=\/wp\/v2\/users\/1"}],"replies":[{"embeddable":true,"href":"https:\/\/encuentroinformativo.com.mx\/index.php?rest_route=%2Fwp%2Fv2%2Fcomments&post=15657"}],"version-history":[{"count":1,"href":"https:\/\/encuentroinformativo.com.mx\/index.php?rest_route=\/wp\/v2\/posts\/15657\/revisions"}],"predecessor-version":[{"id":15659,"href":"https:\/\/encuentroinformativo.com.mx\/index.php?rest_route=\/wp\/v2\/posts\/15657\/revisions\/15659"}],"wp:featuredmedia":[{"embeddable":true,"href":"https:\/\/encuentroinformativo.com.mx\/index.php?rest_route=\/wp\/v2\/media\/15658"}],"wp:attachment":[{"href":"https:\/\/encuentroinformativo.com.mx\/index.php?rest_route=%2Fwp%2Fv2%2Fmedia&parent=15657"}],"wp:term":[{"taxonomy":"category","embeddable":true,"href":"https:\/\/encuentroinformativo.com.mx\/index.php?rest_route=%2Fwp%2Fv2%2Fcategories&post=15657"},{"taxonomy":"post_tag","embeddable":true,"href":"https:\/\/encuentroinformativo.com.mx\/index.php?rest_route=%2Fwp%2Fv2%2Ftags&post=15657"}],"curies":[{"name":"wp","href":"https:\/\/api.w.org\/{rel}","templated":true}]}}