{"id":15666,"date":"2021-06-25T09:45:27","date_gmt":"2021-06-25T14:45:27","guid":{"rendered":"https:\/\/encuentroinformativo.com.mx\/?p=15666"},"modified":"2021-06-25T09:45:31","modified_gmt":"2021-06-25T14:45:31","slug":"y-suspendieron-la-torre-nandito","status":"publish","type":"post","link":"https:\/\/encuentroinformativo.com.mx\/?p=15666","title":{"rendered":"Y SUSPENDIERON LA TORRE \u201cNANDITO\u201d"},"content":{"rendered":"\n<p><strong>@pablojair<\/strong><\/p>\n\n\n\n<ul class=\"wp-block-list\"><li>Tierra Blanca despide a uno de sus hijos m\u00e1s ilustres.<\/li><li>Reconocen a coatepecano en Texas por sus servicios.<\/li><li>Foro \u201cBalance de Elecciones en Xalapa\u201d, convocado por Server.<\/li><li>Acalorada reuni\u00f3n en la torre Atelier, dicen.<\/li><\/ul>\n\n\n\n<p>El alcalde jarocho le baj\u00f3 de yemas\u2026 y lo que falta por encontrar.<br>\u2014Chopenjawer<\/p>\n\n\n\n<p>Al mediod\u00eda de este jueves, la Secretar\u00eda de Protecci\u00f3n Civil suspendi\u00f3 la obra de la pol\u00e9mica Torre que se est\u00e1 (o estaba) edificando en pleno centro hist\u00f3rico del Puerto de Veracruz.<\/p>\n\n\n\n<p>El edificio \u2014aunque lloren y pataleen las coristas del yunismo\u2014 tiene varias irregularidades de inicio que no se justifican con el \u201cmodernismo\u201d ni la \u201curbanizaci\u00f3n\u201d ni la \u201ccreaci\u00f3n de empleos\u201d: esto s\u00f3lo se reduce a un trinche vulgar negocio inmobiliario operado por el suplente del alcalde de Veracruz, pero cuyos beneficiarios obvios son los Yunes.<\/p>\n\n\n\n<p>Es curioso, pero de todas maneras hay quienes defienden un proyecto que ni es suyo y ni seguramente les tocar\u00e1 un metro cuadrado del inmueble. Si acaso les dar\u00e1n metro pero del que hacen en Toluca\u2026 y ya.<\/p>\n\n\n\n<p>De hecho, Carlos Ramos de la Medina, fundador y socio del despacho Open Arquitectura, que est\u00e1 construyendo dicho edificio, es el mismo que hizo la lujosa Torre Atelier en Boca del R\u00edo, donde reside el actual alcalde de Veracruz, Fernando Yunes.<\/p>\n\n\n\n<p>Pero no s\u00f3lo es la sospecha del negociazo que buscan los Yunes hacer con esta torre, es tambi\u00e9n el evidente tr\u00e1fico de influencias con lo que iniciaron todo: desde los permisos, licencias, as\u00ed como las omisiones en estudios de impacto ambiental y de dictamen de riesgo.<\/p>\n\n\n\n<p>Ya el mismo gobernador hab\u00eda dicho que exist\u00edan observaciones que ni siquiera solventaron en su momento. De igual manera, revel\u00f3 que todos los tr\u00e1mites para la construcci\u00f3n de dicha torre fueron realizados en la pasada administraci\u00f3n cuando el gobernador era Miguel \u00c1ngel Yunes Linares, padre del actual alcalde de Veracruz, Fernando Yunes M\u00e1rquez.<\/p>\n\n\n\n<p>Por la noche, v\u00eda redes sociales, el mandatario estatal public\u00f3: \u201cNo solo han roto una vista hist\u00f3rica y de una belleza arquitect\u00f3nica que rodeaba a una de las atracciones \u00edconos del bello puerto jarocho, sino que tambi\u00e9n construyeron esa horrible torre con artima\u00f1as tratando de evadir reglamentaciones y leyes a las que se tienen que alinear este tipo de construcciones. Fue muy sospechoso que documentos vagos y con falta de sustento legal los hayan tramitado en las dependencias cuando estaba la administraci\u00f3n anterior, justo cuando ya se iban sus titulares\u201d.<\/p>\n\n\n\n<p>Y subray\u00f3: \u201cAhora, aplicando la ley, se ha procedido a suspender las actividades de obra en dicha torre. Creemos que las cosas se pueden hacer bien y en beneficio de nuestra hist\u00f3rica ciudad, para que siga siendo el punto de atracci\u00f3n tur\u00edstica que todos deseamos. Si se compara el antes y despu\u00e9s de la construcci\u00f3n de la torre, es muy evidente de lo que estamos hablando\u201d.<\/p>\n\n\n\n<p>Hay que recordar que fue el mismo presidente Andr\u00e9s Manuel L\u00f3pez Obrador quien puso el dedo en la llaga en su conferencia matutina desde Palacio Nacional del 14 de junio, cuando critic\u00f3 que se haya autorizado un edificio \u201calt\u00edsimo\u201d en la zona cercana al Faro Venustiano Carranza, en el centro hist\u00f3rico del Puerto de Veracruz.<\/p>\n\n\n\n<p>\u201cHace unos d\u00edas, el 1 de junio, el D\u00eda de la Marina que fui a Veracruz me dio mucho coraje de que est\u00e1bamos en el Puerto que es la historia en el Malec\u00f3n, ah\u00ed en el Faro, donde estuvo el gobierno de Ju\u00e1rez, el gobierno de Carranza, ah\u00ed se dieron a conocer las Leyes de Reforma, ah\u00ed se dio a conocer la Ley Agraria de 1915, bueno 4 veces heroico el Puerto de Veracruz, ah\u00ed se expuls\u00f3 a los \u00faltimos espa\u00f1oles que no aceptaban la Independencia (\u2026) bueno estoy en la embarcaci\u00f3n en donde llevamos a cabo la ceremonia y volte\u00f3 a ver un edificio alt\u00edsimo casi en la parte hist\u00f3rica; eso no se debi\u00f3 autorizar y ojal\u00e1 se remedie y se rebane legalmente, c\u00f3mo dan permiso para eso \u00bfY el patrimonio hist\u00f3rico?\u201d, dijo en la conferencia ma\u00f1anera.<\/p>\n\n\n\n<p>Ahora \u2014la neta, da mucha risa\u2014 dicen que el asunto es una venganza del presidente\u2026 O sea, no succionen, porfa.<\/p>\n\n\n\n<p>\u00bfY qu\u00e9 tiene qu\u00e9 ver la Torre con la pol\u00edtica, las elecciones? Nada, pero ya sabe, nom\u00e1s por defender lo indefendible.<\/p>\n\n\n\n<p><strong>NOTA PARA PEGAR EN EL REFRI: L<\/strong>a Cuenca del Papaloapan se despide de uno de sus hombres ilustres. Este mi\u00e9rcoles falleci\u00f3 el profesor Fernando Bravo P\u00e9rez, a los 74 a\u00f1os de edad, en su natal Tierra Blanca. Ambientalista, fil\u00e1ntropo y promotor del deporte. Campe\u00f3n Nacional de Pin Pong 1978, Premio Estatal de Medio Ambiente 1996 (reconocido por su promoci\u00f3n entre la iniciativa de Brigadas Ecol\u00f3gicas infantiles y las jornadas permanentes de limpieza de la ciudad). Fue intenso promotor del uso de rellenos sanitarios y la separaci\u00f3n desechos en zonas rurales y en desarrollo. Fernando Bravo pudo ser (sin problemas) jugador profesional en los 70s de equipos como el Tibur\u00f3n o el Atlante, pero prefiri\u00f3 el estudio y su formaci\u00f3n como profesor que ejerci\u00f3 por m\u00e1s de 30 a\u00f1os. En sus \u00faltimos 17 a\u00f1os de vida se dedic\u00f3 a cuidar las zonas verdes y comunes en la Unidad Deportiva terrablanquense por el mero gusto de servir. Tierra Blanca perdi\u00f3 a uno de sus hijos m\u00e1s ilustres. Por aquellos lares cuenque\u00f1os, lo extra\u00f1ar\u00e1n todos los d\u00edas.<\/p>\n\n\n\n<p><strong>OTRA NOTA: <\/strong>To\u00f1o Ram\u00edrez es un broder que conocemos desde hace ya hace a\u00f1os en Coatepec. Ahora reside en Texas, pero constantemente viaja al Pueblo M\u00e1gico y cuando viene es justo y necesario sentarse a echar caf\u00e9 con \u00e9l y su taza personalizada que nunca falta. Es de esos coatepecanos que, aunque anda lejos, est\u00e1 al pendiente de este lugar y siempre tiene algo qu\u00e9 contar. All\u00e1 en Texas se dedica a terapias y clases de nataci\u00f3n enfocadas a ni\u00f1os, por lo que este jueves \u2014luego de 5 a\u00f1os de servicio, pues est\u00e1 certificado por las autoridades de ese estado\u2014 recibi\u00f3 un reconocimiento por parte del Ayuntamiento de Conroe, poblado al norte de Houston. \u00a1Enhorabuena!<\/p>\n\n\n\n<p><strong>OTRA NOTA EXTRA: <\/strong>Este lunes 28 a las 17 horas, en el Casino Xalape\u00f1o, los integrantes de SERVER (Sociedad Estatal de Recuperaci\u00f3n Veracruzana, A.C.), a trav\u00e9s de Jos\u00e9 Luis Enr\u00edquez Ambell, secretario ejecutivo de la Asociaci\u00f3n Civil, convocan al foro \u201cBalance de Elecciones en Xalapa 2021\u201d, con el prop\u00f3sito de conocer el enfoque y dar seguimiento en las agendas del acontecer en las instituciones posterior a la jornada electoral, a partir del 6 de junio comienza otra etapa para Xalapa, Veracruz y M\u00e9xico\u2026 Hasta el momento han confirmado su participaci\u00f3n Carlos Abreu Dom\u00ednguez, (PT), Tito Delf\u00edn Cano, (PAN), Uriel Flores Aguayo, (PODEMOS), Itzel Jurado Ortiz, (RSP), Faustino Su\u00e1rez Rodr\u00edguez, (PES) y Am\u00e9rico Z\u00fa\u00f1iga Mart\u00ednez, (PRI)\u2026 SERVER y sus integrantes entienden que ya pasado el proceso de sufragios, existen otras tareas igual de relevantes donde toda la comunidad organizada, abierta y plural, debe aportar y dejar de ser simple observadora de los cambios y transformaciones y ser part\u00edcipe directa de las acciones.<\/p>\n\n\n\n<p><strong>LA \u00daLTIMA PORQUE YA ES VIEEERNEEEES: <\/strong>Fuentes de inteligencia dicen que hubo anoche una acalorada discusi\u00f3n de los hermanitos Yunes M\u00e1rquez en el penthouse de Fernandito, en la Torre Atelier. Al parecer el tema de los proyectos inmobiliarios ya los puso a sudar.<\/p>\n","protected":false},"excerpt":{"rendered":"<p>@pablojair Tierra Blanca despide a uno de sus hijos m\u00e1s ilustres. Reconocen a coatepecano en Texas por sus servicios. Foro \u201cBalance de Elecciones en Xalapa\u201d, convocado por Server. Acalorada reuni\u00f3n en la torre Atelier, dicen. El alcalde jarocho le baj\u00f3 de yemas\u2026 y lo que falta por encontrar.\u2014Chopenjawer Al mediod\u00eda de este jueves, la Secretar\u00eda [&hellip;]<\/p>\n","protected":false},"author":1,"featured_media":488,"comment_status":"open","ping_status":"open","sticky":false,"template":"","format":"standard","meta":{"_jetpack_memberships_contains_paid_content":false,"footnotes":""},"categories":[11],"tags":[],"class_list":["post-15666","post","type-post","status-publish","format-standard","has-post-thumbnail","hentry","category-opinion"],"jetpack_featured_media_url":"https:\/\/encuentroinformativo.com.mx\/wp-content\/uploads\/2020\/03\/F471F608-BA1A-416B-BA7B-BCFB24F4E6D0.jpeg","jetpack_sharing_enabled":true,"jetpack_likes_enabled":true,"amp_enabled":true,"_links":{"self":[{"href":"https:\/\/encuentroinformativo.com.mx\/index.php?rest_route=\/wp\/v2\/posts\/15666","targetHints":{"allow":["GET"]}}],"collection":[{"href":"https:\/\/encuentroinformativo.com.mx\/index.php?rest_route=\/wp\/v2\/posts"}],"about":[{"href":"https:\/\/encuentroinformativo.com.mx\/index.php?rest_route=\/wp\/v2\/types\/post"}],"author":[{"embeddable":true,"href":"https:\/\/encuentroinformativo.com.mx\/index.php?rest_route=\/wp\/v2\/users\/1"}],"replies":[{"embeddable":true,"href":"https:\/\/encuentroinformativo.com.mx\/index.php?rest_route=%2Fwp%2Fv2%2Fcomments&post=15666"}],"version-history":[{"count":1,"href":"https:\/\/encuentroinformativo.com.mx\/index.php?rest_route=\/wp\/v2\/posts\/15666\/revisions"}],"predecessor-version":[{"id":15667,"href":"https:\/\/encuentroinformativo.com.mx\/index.php?rest_route=\/wp\/v2\/posts\/15666\/revisions\/15667"}],"wp:featuredmedia":[{"embeddable":true,"href":"https:\/\/encuentroinformativo.com.mx\/index.php?rest_route=\/wp\/v2\/media\/488"}],"wp:attachment":[{"href":"https:\/\/encuentroinformativo.com.mx\/index.php?rest_route=%2Fwp%2Fv2%2Fmedia&parent=15666"}],"wp:term":[{"taxonomy":"category","embeddable":true,"href":"https:\/\/encuentroinformativo.com.mx\/index.php?rest_route=%2Fwp%2Fv2%2Fcategories&post=15666"},{"taxonomy":"post_tag","embeddable":true,"href":"https:\/\/encuentroinformativo.com.mx\/index.php?rest_route=%2Fwp%2Fv2%2Ftags&post=15666"}],"curies":[{"name":"wp","href":"https:\/\/api.w.org\/{rel}","templated":true}]}}