{"id":15674,"date":"2021-06-25T11:50:06","date_gmt":"2021-06-25T16:50:06","guid":{"rendered":"https:\/\/encuentroinformativo.com.mx\/?p=15674"},"modified":"2021-06-25T11:50:10","modified_gmt":"2021-06-25T16:50:10","slug":"restauranteros-preven-cierre-de-negocios-en-xico","status":"publish","type":"post","link":"https:\/\/encuentroinformativo.com.mx\/?p=15674","title":{"rendered":"Restauranteros prev\u00e9n cierre de negocios en Xico"},"content":{"rendered":"\n<p><strong>Juan Arcos<\/strong><\/p>\n\n\n\n<p>Xalapa, Ver.- La cancelaci\u00f3n de la fiesta patronal en honor a Santa Mar\u00eda Magdalena en el municipio de Xico deton\u00f3 la inconformidad de algunos empresarios restauranteros.<\/p>\n\n\n\n<p>Los comerciantes consideraron que la determinaci\u00f3n del ayuntamiento de Xico empeorar\u00e1 su situaci\u00f3n financiera a m\u00e1s de un a\u00f1o de pandemia por SARS-COV-2 (COVID-19).<\/p>\n\n\n\n<p>De acuerdo con Rafael Su\u00e1rez, uno de los afectados, sus ventas cayeron 80 por ciento, debido a la emergencia sanitaria, pese a la reactivaci\u00f3n paulatina de la econom\u00eda.<\/p>\n\n\n\n<p>\u201cTodas las actividades, desde los tapetes de aserr\u00edn, el arco floral, la Xique\u00f1ada, la famosa suelta de toros, s\u00ed nos afecta mucho, el turismo dej\u00f3 de venir. El a\u00f1o pasado baj\u00f3 80 por ciento y este a\u00f1o va a ser lo mismo porque no va a haber fiesta patronal\u201d.<\/p>\n\n\n\n<p>El entrevistado mencion\u00f3 que el arribo de turistas durante el mes de julio representaba una oportunidad importante de derrama econ\u00f3mica que beneficiar\u00eda al Pueblo M\u00e1gico, ubicado a 23 kil\u00f3metros de Xalapa.<\/p>\n\n\n\n<p>Por tal motivo, la cancelaci\u00f3n de las actividades culturales y art\u00edsticas que atraen a cientos o miles de personas podr\u00eda ocasionar la quiebra de los negocios.<\/p>\n\n\n\n<p>Rafael Su\u00e1rez dio a conocer que ante la grave afectaci\u00f3n econ\u00f3mica tuvo que cerrar uno de sus establecimientos.<\/p>\n\n\n\n<p>\u201cYo cerr\u00e9 uno (negocio), ya no pude y esto va para largo, no se le ve fin, la econom\u00eda a nivel mundial, aqu\u00ed a nivel regional, nosotros vivimos del turismo, pues nos afecta mucho\u201d.<\/p>\n\n\n\n<p>Los restauranteros piden a la gente que visite el Pueblo M\u00e1gico por los importantes atractivos tur\u00edsticos que ofrece y para que haya una derrama econ\u00f3mica que beneficie a los pobladores.<\/p>\n","protected":false},"excerpt":{"rendered":"<p>Juan Arcos Xalapa, Ver.- La cancelaci\u00f3n de la fiesta patronal en honor a Santa Mar\u00eda Magdalena en el municipio de Xico deton\u00f3 la inconformidad de algunos empresarios restauranteros. Los comerciantes consideraron que la determinaci\u00f3n del ayuntamiento de Xico empeorar\u00e1 su situaci\u00f3n financiera a m\u00e1s de un a\u00f1o de pandemia por SARS-COV-2 (COVID-19). De acuerdo con [&hellip;]<\/p>\n","protected":false},"author":1,"featured_media":15675,"comment_status":"open","ping_status":"open","sticky":false,"template":"","format":"standard","meta":{"_jetpack_memberships_contains_paid_content":false,"footnotes":""},"categories":[8],"tags":[],"class_list":["post-15674","post","type-post","status-publish","format-standard","has-post-thumbnail","hentry","category-region"],"jetpack_featured_media_url":"https:\/\/encuentroinformativo.com.mx\/wp-content\/uploads\/2021\/06\/3A280E5B-3842-49DD-9701-5AF529A8B7D3.jpeg","jetpack_sharing_enabled":true,"jetpack_likes_enabled":true,"amp_enabled":true,"_links":{"self":[{"href":"https:\/\/encuentroinformativo.com.mx\/index.php?rest_route=\/wp\/v2\/posts\/15674","targetHints":{"allow":["GET"]}}],"collection":[{"href":"https:\/\/encuentroinformativo.com.mx\/index.php?rest_route=\/wp\/v2\/posts"}],"about":[{"href":"https:\/\/encuentroinformativo.com.mx\/index.php?rest_route=\/wp\/v2\/types\/post"}],"author":[{"embeddable":true,"href":"https:\/\/encuentroinformativo.com.mx\/index.php?rest_route=\/wp\/v2\/users\/1"}],"replies":[{"embeddable":true,"href":"https:\/\/encuentroinformativo.com.mx\/index.php?rest_route=%2Fwp%2Fv2%2Fcomments&post=15674"}],"version-history":[{"count":1,"href":"https:\/\/encuentroinformativo.com.mx\/index.php?rest_route=\/wp\/v2\/posts\/15674\/revisions"}],"predecessor-version":[{"id":15676,"href":"https:\/\/encuentroinformativo.com.mx\/index.php?rest_route=\/wp\/v2\/posts\/15674\/revisions\/15676"}],"wp:featuredmedia":[{"embeddable":true,"href":"https:\/\/encuentroinformativo.com.mx\/index.php?rest_route=\/wp\/v2\/media\/15675"}],"wp:attachment":[{"href":"https:\/\/encuentroinformativo.com.mx\/index.php?rest_route=%2Fwp%2Fv2%2Fmedia&parent=15674"}],"wp:term":[{"taxonomy":"category","embeddable":true,"href":"https:\/\/encuentroinformativo.com.mx\/index.php?rest_route=%2Fwp%2Fv2%2Fcategories&post=15674"},{"taxonomy":"post_tag","embeddable":true,"href":"https:\/\/encuentroinformativo.com.mx\/index.php?rest_route=%2Fwp%2Fv2%2Ftags&post=15674"}],"curies":[{"name":"wp","href":"https:\/\/api.w.org\/{rel}","templated":true}]}}